{"id":161,"date":"2017-09-03T17:43:39","date_gmt":"2017-09-03T15:43:39","guid":{"rendered":"https:\/\/fredericranft.de\/artikel\/?p=161"},"modified":"2020-10-11T19:00:41","modified_gmt":"2020-10-11T17:00:41","slug":"der-designfehler-der-demokratie","status":"publish","type":"post","link":"https:\/\/fredericranft.de\/artikel\/der-designfehler-der-demokratie\/","title":{"rendered":"Der Designfehler der Demokratie"},"content":{"rendered":"\n<p id=\"5928\"><a href=\"https:\/\/fredericranft.de\/artikel\/verlogenes-ideal-der-demokratie-oberflaechen-design\/\">W\u00e4hrend&nbsp;der demokratische Alltag&nbsp;uns vor allem etwas \u00fcber die allt\u00e4glich gelebte Demokratie verr\u00e4t,<\/a> wird es f\u00fcr sie zum Wahltag hin schon deutlich riskanter. Dann lenkt uns das Ideal von den Chancen und Risiken neuer Oberfl\u00e4chen, wie dem TV-Duell, ab.<\/p>\n\n\n\n<p id=\"66db\">Auch auf die Gefahr hin, dass ich als Gestalter wirke wie der Depp mit dem Hammer, der \u00fcberall nach N\u00e4geln sucht: Was ich hier beschreibe, wirkt auf mich wie ein klassischer&nbsp;<a href=\"http:\/\/99percentinvisible.org\/article\/least-resistance-desire-paths-can-lead-better-design\/\">Designfehler<\/a>.<\/p>\n\n\n\n<figure class=\"wp-block-image alignfull size-large\"><img loading=\"lazy\" decoding=\"async\" width=\"1024\" height=\"760\" src=\"https:\/\/fredericranft.de\/artikel\/wp-content\/uploads\/2020\/10\/1p96yluOD-da6DKg6BSjs5w-2-1024x760.jpeg\" alt=\"\" class=\"wp-image-162\" srcset=\"https:\/\/fredericranft.de\/artikel\/wp-content\/uploads\/2020\/10\/1p96yluOD-da6DKg6BSjs5w-2-1024x760.jpeg 1024w, https:\/\/fredericranft.de\/artikel\/wp-content\/uploads\/2020\/10\/1p96yluOD-da6DKg6BSjs5w-2-720x535.jpeg 720w, https:\/\/fredericranft.de\/artikel\/wp-content\/uploads\/2020\/10\/1p96yluOD-da6DKg6BSjs5w-2-768x570.jpeg 768w, https:\/\/fredericranft.de\/artikel\/wp-content\/uploads\/2020\/10\/1p96yluOD-da6DKg6BSjs5w-2-1536x1140.jpeg 1536w, https:\/\/fredericranft.de\/artikel\/wp-content\/uploads\/2020\/10\/1p96yluOD-da6DKg6BSjs5w-2-1200x891.jpeg 1200w, https:\/\/fredericranft.de\/artikel\/wp-content\/uploads\/2020\/10\/1p96yluOD-da6DKg6BSjs5w-2-300x223.jpeg 300w, https:\/\/fredericranft.de\/artikel\/wp-content\/uploads\/2020\/10\/1p96yluOD-da6DKg6BSjs5w-2.jpeg 1600w\" sizes=\"auto, (max-width: 1024px) 100vw, 1024px\" \/><figcaption>Bild:&nbsp;<a href=\"http:\/\/www.sweet-juniper.com\/2009\/06\/streets-with-no-name.html\">sweet-juniper.com<\/a><\/figcaption><\/figure>\n\n\n\n<p id=\"bade\">Mit der Demokratie haben wir uns etwas in die Welt geworfen, das ganz anders funktioniert als erwartet. Die Gestalt und der Gehalt von Demokratie h\u00e4ngen zusammen. Wir erz\u00e4hlen uns aber kontinuierlich, dass sie nur in einer bestimmten, sehr romantisierten (rationalen, aufkl\u00e4rerischen) Art genutzt werden d\u00fcrfe, f\u00fcr die die Form nicht relevant ist.<\/p>\n\n\n\n<p id=\"18e1\">Deshalb \u00fcbersehen wir nicht nur wo sie funktioniert, sondern auch wo wir uns um sie k\u00fcmmern m\u00fcssen.<\/p>\n\n\n\n<h2 class=\"wp-block-heading\" id=\"fca0\">Das Wahlplakat<\/h2>\n\n\n\n<p id=\"90ac\">Sie funktioniert zum Beispiel an einem Wahlplakat. Wirklich.<\/p>\n\n\n\n<p id=\"d7a3\">Substanzloser wird es vor der Wahl nicht, m\u00f6chte man meinen. Das Wahlplakat ist nicht nur eines der \u00e4ltesten, sondern wahrscheinlich auch das am wenigsten verstandene Kommunikationswerkzeug der Demokratie. Es wabert in der \u00f6ffentlichen Wahrnehmung irgendwo zwischen absolut sinnlos und heimt\u00fcckischer Propaganda.<\/p>\n\n\n\n<p id=\"f647\">Unbestritten ist, dass sie ins Auge fallen. Was mir ehrlich gesagt schon reicht, um sie zu sch\u00e4tzen. Es ist ziemlich schwierig, f\u00fcr Politik in den Alltag der Menschen zu kommen, da m\u00fcssen wir alle paar Jahre halt mal eine Ver\u00e4nderung des Stadtbildes hinnehmen. Gerne zeitlich und in der Anzahl begrenzt. Wir gewinnen aber nichts, wenn wir sie abschaffen oder klein reden. Zu verlieren haben wir viel.<\/p>\n\n\n\n<p id=\"455c\"><em>(Es ist absoluter Bl\u00f6dsinn, dass Parteien ihre Wahlkampfmittel lieber in Facebook stecken sollten und Plakate inzwischen verzichtbar seien. Es gibt noch keinen Algorithmus, der Plakate im Stadtbild ausblendet.)<\/em><\/p>\n\n\n\n<p id=\"f944\">Die meisten meiner Freunde und Bekannten sind sich ganz sicher, dass sie im Leben nicht darauf kommen w\u00fcrden, ihre Wahl von Wahlplakaten abh\u00e4ngig zu machen (Ich f\u00fchle das auch so, wei\u00df es nur besser.). Sonst w\u00e4re man ja auf einen Trick der Parteien hereingefallen, die da doch drauf schreiben k\u00f6nnen, was sie wollen.<\/p>\n\n\n\n<p id=\"c37e\">Dabei zwingen diese Plakate die Parteien erst dazu, sich zu \u00fcberlegen, was sie da eigentlich drauf schreiben wollen. Und damit beginnt ein ziemlich gewinnbringender Prozess f\u00fcr die Demokratie. Eine Partei, die nicht wei\u00df, was die Bev\u00f6lkerung bewegt \u2014 aus ideologischer Ignoranz oder schlicht aus Faulheit \u2013, verliert an dieser Stelle bereits vehement. Wir m\u00f6gen Plakate vielleicht doof finden, den Unterschied zwischen Themen, die uns bewegen, und jenen, die wir f\u00fcr nicht relevant halten, erkennen wir trotzdem. Das ist f\u00fcr eine Wahlentscheidung doch schon mal hilfreich. Warum sollte ich eine Partei w\u00e4hlen, die offenbar gar nicht wei\u00df, was mich bewegt?<\/p>\n\n\n\n<p id=\"98ef\">Auf der thematischen Ebene verraten uns Plakate also etwas. Und das kann in einer Demokratie ja jeder nutzen, wie er mag, inklusive der Variante, den Inhalt kritisch zu hinterfragen. Ohne das Plakat k\u00e4men wir \u00fcbrigens gar nicht auf die Idee, den Inhalt kritisch zu hinterfragen. Auch das ist ein Gewinn.<\/p>\n\n\n\n<p id=\"85d3\">Dass man den Inhalt so auf das Plakat bringen muss, dass es halbwegs lesbar ist, sieht die Mehrheit dann noch ein. Dar\u00fcber hinaus wird die Form des Plakats, wie es aussieht und betextet ist, eher untersch\u00e4tzt. Dabei beginnt hier der informative Teil \u2014 der auch dann wirkt, wenn uns die Plakate eigentlich nur auf dem Weg zur Arbeit st\u00f6ren.<\/p>\n\n\n\n<p id=\"45f0\">Es macht einen Unterschied, ob auf einem Wahlplakat \u00bbGleicher Lohn f\u00fcr alle\u00ab, \u00bbMama soll mehr verdienen\u00ab oder \u00bbUnsere Frauen haben mehr verdient\u00ab steht \u2014 selbst, wenn dahinter scheinbar ein- und dieselbe politische Forderung steht.<\/p>\n\n\n\n<p id=\"e7a2\">Meistens tut sie das aber nicht, und das erkennen wir bereits an diesen sprachlichen Feinheiten. Setzt sich da jemand explizit f\u00fcr Frauen ein oder f\u00fcr Regeln im Arbeitsmarkt? Ist es ein Thema der Gerechtigkeit oder des Nationalstolzes? \u00dcber die Form des Plakates erfahren wir viel mehr \u00fcber die politische Substanz der Forderung, als \u00fcber den eigentlichen Inhalt. Etwas, das ein Wahl-O-Mat nie leisten wird.<\/p>\n\n\n\n<p id=\"f3f5\">Und an diesen kleinen Unterschieden k\u00f6nnen wir messen, ob wir von der Politik verstanden wurden. Darin sind wir alle erstaunlich gut, weil wir diese Kompetenz im t\u00e4glichen Leben erlernt haben. Wenn jemand mit uns spricht, wissen wir im Normalfall, ob uns der Inhalt ber\u00fchrt, und ob das Gegen\u00fcber ein grobes Verst\u00e4ndnis f\u00fcr unsere Lebenssituation hat. Ist es nicht viel wahrscheinlicher, dass eine Partei, die dieses Verst\u00e4ndnis hat, sp\u00e4ter auch in meinem Sinne handeln wird?<\/p>\n\n\n\n<p id=\"a434\">Auf dieser Ebene sind Plakate enorm effizient. Dass sie dabei ein Wahlprogramm nicht vollst\u00e4ndig abbilden k\u00f6nnen (liebe FDP \u2014&nbsp;<a href=\"https:\/\/www.fdp.de\/sites\/default\/files\/styles\/article_desktop\/public\/uploads\/2017\/07\/11\/denken-wir-neu.jpg?itok=mLtiElXv\">Chapeau!<\/a>), ist kein Makel, sondern ihre Qualit\u00e4t. Ein Wahlplakat kann sogar ganz ohne Sachthema auskommen, und trotzdem enorm hilfreich bei der Wahlentscheidung sein.<\/p>\n\n\n\n<figure class=\"wp-block-image size-large\"><img loading=\"lazy\" decoding=\"async\" width=\"716\" height=\"1024\" src=\"https:\/\/fredericranft.de\/artikel\/wp-content\/uploads\/2020\/10\/1R9iT8CspHDutskuj_HVX8g-2-716x1024.jpeg\" alt=\"\" class=\"wp-image-164\" srcset=\"https:\/\/fredericranft.de\/artikel\/wp-content\/uploads\/2020\/10\/1R9iT8CspHDutskuj_HVX8g-2-716x1024.jpeg 716w, https:\/\/fredericranft.de\/artikel\/wp-content\/uploads\/2020\/10\/1R9iT8CspHDutskuj_HVX8g-2-503x720.jpeg 503w, https:\/\/fredericranft.de\/artikel\/wp-content\/uploads\/2020\/10\/1R9iT8CspHDutskuj_HVX8g-2-768x1098.jpeg 768w, https:\/\/fredericranft.de\/artikel\/wp-content\/uploads\/2020\/10\/1R9iT8CspHDutskuj_HVX8g-2-1074x1536.jpeg 1074w, https:\/\/fredericranft.de\/artikel\/wp-content\/uploads\/2020\/10\/1R9iT8CspHDutskuj_HVX8g-2-210x300.jpeg 210w, https:\/\/fredericranft.de\/artikel\/wp-content\/uploads\/2020\/10\/1R9iT8CspHDutskuj_HVX8g-2.jpeg 1146w\" sizes=\"auto, (max-width: 716px) 100vw, 716px\" \/><\/figure>\n\n\n\n<p id=\"1a57\">Dieses Plakat war aus Sicht der CDU wahlstrategisch gelungen. Deswegen stellt es nicht gleich einen Gewinn f\u00fcr die Demokratie dar. Geschenkt. Es ist aber auch nicht automatisch verf\u00fchrerische Propaganda, nur weil es strategisch klug ist. War es 2013 nicht ein besonders ehrliches Angebot der CDU an die Bev\u00f6lkerung (das die SPD bei einem \u00e4hnlich beliebten Kanzlerkandidaten genau so gemacht h\u00e4tte und die CDU dieses Jahr&nbsp;<a href=\"https:\/\/medium.com\/@fredericranft\/merkel-daemmerung-paradessenz-der-oberflaeche-136ac1f30d20\">wiederholen<\/a>&nbsp;wird)?<\/p>\n\n\n\n<p id=\"9b72\">Wer Angela Merkel als Kanzlerin behalten will, sollte CDU w\u00e4hlen. Das ist verst\u00e4ndlich, klar, einfach und stimmt ja auch. Ja, es dr\u00e4ngt politisch inhaltliche Fragestellungen erstmal in den Hintergrund. Aber was ist daran so schlimm? Alle anderen Parteien plakatieren doch direkt daneben und k\u00f6nnen Alternativen anbieten. Wenn dann eine Mehrheit der Bev\u00f6lkerung der Meinung ist, dass Angela Merkel Kanzlerin bleiben sollte, ist das doch ebenso ein demokratischer Wille wie die Forderung nach einer Reform des Steuersystems.<\/p>\n\n\n\n<p id=\"4e25\">Au\u00dferdem: Wenn die Bev\u00f6lkerung davon ausginge, dass Angela Merkel in allen Sachthemen das Gegenteil von dem machen wird (oder vorher gemacht h\u00e4tte), was man selbst will, w\u00fcrde das Plakat ja gar nicht funktionieren. Wenn wir die Bev\u00f6lkerung f\u00fcr so saubl\u00f6d halten, m\u00fcssten wir die Demokratie gleich abschaffen. Ist sie aber nicht, sie entscheidet nur anders, als das Ideal es gerne h\u00e4tte.<\/p>\n\n\n\n<p id=\"a28b\">An diesem Beispiel sieht man auch, dass die Oberfl\u00e4chen der Demokratie deutlich wirkm\u00e4chtiger sein k\u00f6nnen als unser Wahlsystem. Auch 2013 konnte nat\u00fcrlich niemand w\u00e4hlen, wer unsere Regierung anf\u00fchren wird. Das kann nur der Bundestag, nachdem der Bundespr\u00e4sident einen Vorschlag unterbreitet hat. Daf\u00fcr gibt es gute Gr\u00fcnde. Es \u00e4ndert aber nichts an der Tatsache, dass einige W\u00e4hlerinnen und W\u00e4hler 2013 die CDU gew\u00e4hlt haben, weil Angela Merkel Kanzlerin bleiben sollte. Diese Wahlmotivation ist nicht im Grundgesetz definiert, nicht Teil des Wahlsystems und entspricht nicht unserem demokratischen Ideal. Sie ist aber trotzdem m\u00f6glich.<\/p>\n\n\n\n<p id=\"257a\">Aller Liebe zum Plakat zum Trotz: Es ist ein Kommunikationswerkzeug, das die Parteien \u00fcberwiegend selbst kontrollieren k\u00f6nnen. Deshalb tun wir gut daran, Plakate kritisch zu betrachten. Aber eben beides \u2014 kritisch und betrachten.<\/p>\n\n\n\n<h2 class=\"wp-block-heading\" id=\"84a8\">Das TV-Duell<\/h2>\n\n\n\n<p id=\"c23a\">Das wiederum ist der gro\u00dfe Vorteil eines \u201eTV-Duells\u201c oder des \u201eTV-Dreikampfs\u201c (Der Vollst\u00e4ndigkeit halber gibt es hier&nbsp;<a href=\"http:\/\/www.kas.de\/wf\/doc\/kas_1043-544-1-30.pdf\">ein paar Argumente gegen diese Duelle<\/a>). Hier erleben wir Politiker seit ein paar Jahren vor einer Oberfl\u00e4che, die sie nicht selbst in der Hand haben.<\/p>\n\n\n\n<p id=\"90d4\">Donald Trump konnte im US-Wahlkampf wochenlang jegliche Debatte \u00fcber konkrete politische L\u00f6sungen unterdr\u00fccken. Das war m\u00f6glich, weil er ein intuitives oder erlerntes Verst\u00e4ndnis der US-Medienlandschaft hat und gleichzeitig nicht wirklich Interesse an konkreter Politik \u2014 zumindest nicht, solange er damit nicht den n\u00e4chsten News-Cycle bespielen konnte. Das ist wahrscheinlich der demokratische Worst Case. Aber selbst Donald Trump hatte keine vollst\u00e4ndige Kontrolle dar\u00fcber, was in den drei amerikanischen TV-Duellen passierte.<\/p>\n\n\n\n<p id=\"ce32\">Die Duelle werden live \u00fcbertragen. Hillary Clinton stand mit auf der B\u00fchne und konnte \u2014 wie die Moderatoren \u2014 jederzeit dazwischengehen, Dinge klar stellen, Nachfragen stellen. Es gibt eine Handvoll Regeln, an die sich auch Donald Trump halten musste. Die Veranstaltungen fanden vor einem Millionenpublikum statt und wurden am gleichen und darauffolgenden Tag praktisch in allen relevanten Medien besprochen. Die Tage nach den Duellen waren die wenigen Tage in der monatelangen Kampagne, an denen Clinton mit ihren Themen durchdrang. Sie war dominanter,&nbsp;<a href=\"http:\/\/fivethirtyeight.com\/features\/clinton-probably-finished-off-trump-last-night\/\">schlicht erfolgreicher als Trump<\/a>. \u00bbHistory is written by the victors.\u00ab, das sollte uns aber nicht davon abhalten, genau hinzuschauen.<\/p>\n\n\n\n<figure class=\"wp-block-embed-youtube wp-block-embed is-type-video is-provider-youtube wp-embed-aspect-16-9 wp-has-aspect-ratio\"><div class=\"wp-block-embed__wrapper\">\n<iframe loading=\"lazy\" title=\"Seehofer Das k\u00f6nnen Sie alles senden.flv\" width=\"580\" height=\"326\" src=\"https:\/\/www.youtube.com\/embed\/g0p795eRiMk?feature=oembed\" frameborder=\"0\" allow=\"accelerometer; autoplay; clipboard-write; encrypted-media; gyroscope; picture-in-picture; web-share\" referrerpolicy=\"strict-origin-when-cross-origin\" allowfullscreen><\/iframe>\n<\/div><\/figure>\n\n\n\n<p id=\"1032\">Von Seehofers \u201eDas k\u00f6nnen Sie alles senden!\u201c \u00fcber Gerhard Schr\u00f6ders anges\u00e4useltem&nbsp;<a href=\"https:\/\/www.youtube.com\/watch?v=hS3Vw-H_hCA\">Auftritt in der Elefantenrunde 2005<\/a>&nbsp;bis hin zu Schabowskis&nbsp;<a href=\"https:\/\/www.youtube.com\/watch?v=TQiriTompdY\">\u201eSofort, unverz\u00fcglich!\u201c<\/a>&nbsp;wimmelt es in der Politik nur so von Beispielen unkontrollierter Kommunikation. Es ist kein Zufall, dass diese Situationen immer dann entstehen, wenn jemand im Affekt handelt und dabei aufgezeichnet wird.<\/p>\n\n\n\n<p id=\"6808\">Der springende Punkt dabei ist, dass diese Situationen nicht durch ein falsches Verst\u00e4ndnis von Transparenz erzwungen werden d\u00fcrfen. Sie m\u00fcssen schlichtweg m\u00f6glich sein, dann entstehen sie auch. Wenn Seehofer gewusst h\u00e4tte, dass das ZDF jede Silbe vor und nach dem Interview senden w\u00fcrde, h\u00e4tte er niemals frei in die Kamera gesprochen. Erst als er merkte oder zu glauben wusste, dass sein Statement einfach mal n\u00f6tig war, hat er es freigegeben. Im Moment. Nicht auf R\u00fcckfrage ein paar Minuten sp\u00e4ter. Ich w\u00fcsste nicht, wann wir zuletzt so viel \u00fcber das Innenleben der Unionsparteien erfahren h\u00e4tten als in jenem Moment. Er war nur m\u00f6glich, weil die Oberfl\u00e4che, inklusive dem auflockernden langen Fluchtweg, stimmte.<\/p>\n\n\n\n<p id=\"c920\">Von diesen zuf\u00e4lligen, aber eben wahrscheinlichen Situationen kann man f\u00fcr das TV-Duell etwas lernen. TV-Duelle k\u00f6nnen enorm wirkm\u00e4chtig sein \u2014 wenn die Rahmenbedingungen stimmen. Sie sind wichtig f\u00fcr unsere Demokratie. Einige Kommunen in Deutschland regeln die Anzahl der aufgeh\u00e4ngten Wahlplakate der Parteien noch bis auf den letzten Plakattr\u00e4ger. Fehlt ein korrektes Impressum, werden Plakate rigoros abgeh\u00e4ngt. Das ist beides nachvollziehbar. Wie kann es da sein, dass wir keine Regeln f\u00fcr ein TV-Duell festschreiben? Mir ist schon klar, dass Amtsinhaber so viel Kontrolle wie m\u00f6glich \u00fcber das Duell behalten wollen.&nbsp;<a href=\"http:\/\/www.spiegel.de\/politik\/deutschland\/angela-merkel-ex-zdf-chefredakteur-brender-wirft-kanzlerin-erpressung-vor-a-1164679.html\">Das ist aber mindestens unfair und besch\u00e4digt in jedem Fall unsere Demokratie.<\/a><\/p>\n\n\n\n<p id=\"2057\">An dieser Situation tr\u00e4gt aber nicht nur das Kanzleramt Schuld. Niemand fordert eine ernsthafte Regelung. Der Herausforderer und die Oppositionsparteien wollen das Format zwar alle vier Jahre zu ihren Gunsten ver\u00e4ndern, das ist aber immer nur wahlstrategisch gedacht, kommuniziert und darin \u00e4u\u00dferst plump. Die TV-Sender, die zum Duell in einer&nbsp;<a href=\"https:\/\/www.youtube.com\/watch?v=pkxGzNXgapQ\">Pressekonferenz<\/a>&nbsp;Stellung genommen haben, sind sich ihrer Verantwortung zwar durchaus bewusst. Insbesondere der Regisseur Lutz Braune \u2014 jemand, der sich mit Oberfl\u00e4chen auskennt. Aber die Medien k\u00f6nnen nat\u00fcrlich weder die Regeln, noch die Art und Weise wie diese zustandekommen, bestimmen.&nbsp;<a href=\"https:\/\/internetundpolitik.wordpress.com\/2017\/09\/01\/das-duell-das-wir-verdienen\/\">Das k\u00f6nnte nur die Politik selbst.<\/a><\/p>\n\n\n\n<p id=\"7349\">Aber niemand in der Politik sagt:\u00a0\u201e<mark>Dieses Format ist f\u00fcr unsere Demokratie zu wichtig, um es alle paar Jahre neu auszukungeln.<\/mark>\u00a0Wir gehen damit jetzt ins Parlament!\u201c<\/p>\n\n\n\n<p id=\"1fe5\">Das muss die Politik auch nicht, weil es niemand h\u00f6ren will. Weil wir es nicht fordern. Wo k\u00e4men wir denn hin, wenn eine oberfl\u00e4chliche Show wie ein TV-Duell Einfluss auf unsere Wahlentscheidung h\u00e4tte! So w\u00e4hlt man doch nicht. Oder nur die Doofen, die sich nicht \u201erichtig\u201c mit Politik besch\u00e4ftigen.<\/p>\n\n\n\n<p id=\"2d28\">Und so lassen wir eine der gr\u00f6\u00dferen Chancen und Risiken der Demokratie ungestaltet. Dabei w\u00e4re es derzeit noch so einfach. Viele Menschen schauen noch klassisches Fernsehen. TV-Sender sind noch relevant. Und die H\u00e4lfte derer, die das Duell austragen, sind in \u00f6ffentlich-rechtlicher Hand! Wenn wir das schon nicht hinbekommen, wie wollen wir uns dann um Facebook k\u00fcmmern?<\/p>\n","protected":false},"excerpt":{"rendered":"<p>W\u00e4hrend&nbsp;der demokratische Alltag&nbsp;uns vor allem etwas \u00fcber die allt\u00e4glich gelebte Demokratie verr\u00e4t, wird es f\u00fcr sie zum Wahltag hin schon deutlich riskanter. Dann lenkt uns das Ideal von den Chancen und Risiken neuer Oberfl\u00e4chen, wie dem TV-Duell, ab. Auch auf die Gefahr hin, dass ich als Gestalter wirke wie der Depp mit dem Hammer, der [&hellip;]<\/p>\n","protected":false},"author":1,"featured_media":0,"comment_status":"open","ping_status":"open","sticky":false,"template":"","format":"standard","meta":{"webmentions_disabled_pings":false,"webmentions_disabled":false,"activitypub_content_warning":"","activitypub_content_visibility":"","activitypub_max_image_attachments":3,"activitypub_interaction_policy_quote":"anyone","activitypub_status":"","footnotes":""},"categories":[1],"tags":[],"class_list":["post-161","post","type-post","status-publish","format-standard","hentry","category-allgemein"],"yoast_head":"<!-- This site is optimized with the Yoast SEO plugin v27.5 - https:\/\/yoast.com\/product\/yoast-seo-wordpress\/ -->\n<title>Der Designfehler der Demokratie &#187; Fr\u00e9d\u00e9ric Ranft<\/title>\n<meta name=\"description\" content=\"Mit der Demokratie haben wir uns etwas in die Welt geworfen, das anders funktioniert als erwartet. Zur Gestalt unserer Demokratie:\" \/>\n<meta name=\"robots\" content=\"index, follow, max-snippet:-1, max-image-preview:large, max-video-preview:-1\" \/>\n<link rel=\"canonical\" href=\"https:\/\/fredericranft.de\/artikel\/der-designfehler-der-demokratie\/\" \/>\n<meta property=\"og:locale\" content=\"de_DE\" \/>\n<meta property=\"og:type\" content=\"article\" \/>\n<meta property=\"og:title\" content=\"Der Designfehler der Demokratie &#187; Fr\u00e9d\u00e9ric Ranft\" \/>\n<meta property=\"og:description\" content=\"Mit der Demokratie haben wir uns etwas in die Welt geworfen, das anders funktioniert als erwartet. Zur Gestalt unserer Demokratie:\" \/>\n<meta property=\"og:url\" content=\"https:\/\/fredericranft.de\/artikel\/der-designfehler-der-demokratie\/\" \/>\n<meta property=\"og:site_name\" content=\"Fr\u00e9d\u00e9ric Ranft\" \/>\n<meta property=\"article:publisher\" content=\"https:\/\/www.facebook.com\/f.ranft\" \/>\n<meta property=\"article:author\" content=\"https:\/\/www.facebook.com\/f.ranft\" \/>\n<meta property=\"article:published_time\" content=\"2017-09-03T15:43:39+00:00\" \/>\n<meta property=\"article:modified_time\" content=\"2020-10-11T17:00:41+00:00\" \/>\n<meta property=\"og:image\" content=\"https:\/\/fredericranft.de\/artikel\/wp-content\/uploads\/2020\/10\/1p96yluOD-da6DKg6BSjs5w-2-1024x760.jpeg\" \/>\n<meta name=\"author\" content=\"Fr\u00e9d\u00e9ric Ranft\" \/>\n<meta name=\"twitter:card\" content=\"summary_large_image\" \/>\n<meta name=\"twitter:creator\" content=\"@f_ranft\" \/>\n<meta name=\"twitter:site\" content=\"@f_ranft\" \/>\n<meta name=\"twitter:label1\" content=\"Verfasst von\" \/>\n\t<meta name=\"twitter:data1\" content=\"Fr\u00e9d\u00e9ric Ranft\" \/>\n\t<meta name=\"twitter:label2\" content=\"Gesch\u00e4tzte Lesezeit\" \/>\n\t<meta name=\"twitter:data2\" content=\"10\u00a0Minuten\" \/>\n<script type=\"application\/ld+json\" class=\"yoast-schema-graph\">{\"@context\":\"https:\\\/\\\/schema.org\",\"@graph\":[{\"@type\":\"Article\",\"@id\":\"https:\\\/\\\/fredericranft.de\\\/artikel\\\/der-designfehler-der-demokratie\\\/#article\",\"isPartOf\":{\"@id\":\"https:\\\/\\\/fredericranft.de\\\/artikel\\\/der-designfehler-der-demokratie\\\/\"},\"author\":{\"name\":\"Fr\u00e9d\u00e9ric Ranft\",\"@id\":\"https:\\\/\\\/fredericranft.de\\\/artikel\\\/#\\\/schema\\\/person\\\/b2e299552a9a0b0d267b2f949a027830\"},\"headline\":\"Der Designfehler der Demokratie\",\"datePublished\":\"2017-09-03T15:43:39+00:00\",\"dateModified\":\"2020-10-11T17:00:41+00:00\",\"mainEntityOfPage\":{\"@id\":\"https:\\\/\\\/fredericranft.de\\\/artikel\\\/der-designfehler-der-demokratie\\\/\"},\"wordCount\":1956,\"commentCount\":3,\"publisher\":{\"@id\":\"https:\\\/\\\/fredericranft.de\\\/artikel\\\/#\\\/schema\\\/person\\\/b2e299552a9a0b0d267b2f949a027830\"},\"image\":{\"@id\":\"https:\\\/\\\/fredericranft.de\\\/artikel\\\/der-designfehler-der-demokratie\\\/#primaryimage\"},\"thumbnailUrl\":\"https:\\\/\\\/fredericranft.de\\\/artikel\\\/wp-content\\\/uploads\\\/2020\\\/10\\\/1p96yluOD-da6DKg6BSjs5w-2-1024x760.jpeg\",\"inLanguage\":\"de\",\"potentialAction\":[{\"@type\":\"CommentAction\",\"name\":\"Comment\",\"target\":[\"https:\\\/\\\/fredericranft.de\\\/artikel\\\/der-designfehler-der-demokratie\\\/#respond\"]}]},{\"@type\":\"WebPage\",\"@id\":\"https:\\\/\\\/fredericranft.de\\\/artikel\\\/der-designfehler-der-demokratie\\\/\",\"url\":\"https:\\\/\\\/fredericranft.de\\\/artikel\\\/der-designfehler-der-demokratie\\\/\",\"name\":\"Der Designfehler der Demokratie &#187; Fr\u00e9d\u00e9ric Ranft\",\"isPartOf\":{\"@id\":\"https:\\\/\\\/fredericranft.de\\\/artikel\\\/#website\"},\"primaryImageOfPage\":{\"@id\":\"https:\\\/\\\/fredericranft.de\\\/artikel\\\/der-designfehler-der-demokratie\\\/#primaryimage\"},\"image\":{\"@id\":\"https:\\\/\\\/fredericranft.de\\\/artikel\\\/der-designfehler-der-demokratie\\\/#primaryimage\"},\"thumbnailUrl\":\"https:\\\/\\\/fredericranft.de\\\/artikel\\\/wp-content\\\/uploads\\\/2020\\\/10\\\/1p96yluOD-da6DKg6BSjs5w-2-1024x760.jpeg\",\"datePublished\":\"2017-09-03T15:43:39+00:00\",\"dateModified\":\"2020-10-11T17:00:41+00:00\",\"description\":\"Mit der Demokratie haben wir uns etwas in die Welt geworfen, das anders funktioniert als erwartet. Zur Gestalt unserer Demokratie:\",\"breadcrumb\":{\"@id\":\"https:\\\/\\\/fredericranft.de\\\/artikel\\\/der-designfehler-der-demokratie\\\/#breadcrumb\"},\"inLanguage\":\"de\",\"potentialAction\":[{\"@type\":\"ReadAction\",\"target\":[\"https:\\\/\\\/fredericranft.de\\\/artikel\\\/der-designfehler-der-demokratie\\\/\"]}]},{\"@type\":\"ImageObject\",\"inLanguage\":\"de\",\"@id\":\"https:\\\/\\\/fredericranft.de\\\/artikel\\\/der-designfehler-der-demokratie\\\/#primaryimage\",\"url\":\"https:\\\/\\\/fredericranft.de\\\/artikel\\\/wp-content\\\/uploads\\\/2020\\\/10\\\/1p96yluOD-da6DKg6BSjs5w-2-1024x760.jpeg\",\"contentUrl\":\"https:\\\/\\\/fredericranft.de\\\/artikel\\\/wp-content\\\/uploads\\\/2020\\\/10\\\/1p96yluOD-da6DKg6BSjs5w-2-1024x760.jpeg\"},{\"@type\":\"BreadcrumbList\",\"@id\":\"https:\\\/\\\/fredericranft.de\\\/artikel\\\/der-designfehler-der-demokratie\\\/#breadcrumb\",\"itemListElement\":[{\"@type\":\"ListItem\",\"position\":1,\"name\":\"Startseite\",\"item\":\"https:\\\/\\\/fredericranft.de\\\/artikel\\\/\"},{\"@type\":\"ListItem\",\"position\":2,\"name\":\"Der Designfehler der Demokratie\"}]},{\"@type\":\"WebSite\",\"@id\":\"https:\\\/\\\/fredericranft.de\\\/artikel\\\/#website\",\"url\":\"https:\\\/\\\/fredericranft.de\\\/artikel\\\/\",\"name\":\"Fr\u00e9d\u00e9ric Ranft\",\"description\":\"Gestaltungsperspektiven\",\"publisher\":{\"@id\":\"https:\\\/\\\/fredericranft.de\\\/artikel\\\/#\\\/schema\\\/person\\\/b2e299552a9a0b0d267b2f949a027830\"},\"potentialAction\":[{\"@type\":\"SearchAction\",\"target\":{\"@type\":\"EntryPoint\",\"urlTemplate\":\"https:\\\/\\\/fredericranft.de\\\/artikel\\\/?s={search_term_string}\"},\"query-input\":{\"@type\":\"PropertyValueSpecification\",\"valueRequired\":true,\"valueName\":\"search_term_string\"}}],\"inLanguage\":\"de\"},{\"@type\":[\"Person\",\"Organization\"],\"@id\":\"https:\\\/\\\/fredericranft.de\\\/artikel\\\/#\\\/schema\\\/person\\\/b2e299552a9a0b0d267b2f949a027830\",\"name\":\"Fr\u00e9d\u00e9ric Ranft\",\"logo\":{\"@id\":\"https:\\\/\\\/fredericranft.de\\\/artikel\\\/#\\\/schema\\\/person\\\/image\\\/\"},\"description\":\"Ich gestalte Kommunikation.\",\"sameAs\":[\"https:\\\/\\\/fredericranft.de\\\/artikel\",\"https:\\\/\\\/www.facebook.com\\\/f.ranft\",\"https:\\\/\\\/www.instagram.com\\\/f_ranft\\\/\",\"https:\\\/\\\/www.linkedin.com\\\/in\\\/fr\u00e9d\u00e9ric-ranft-33596122\\\/\",\"https:\\\/\\\/x.com\\\/f_ranft\",\"https:\\\/\\\/soundcloud.com\\\/f_ranft\"],\"url\":\"https:\\\/\\\/fredericranft.de\\\/artikel\\\/author\\\/gestaltungsperspektive\\\/\"}]}<\/script>\n<!-- \/ Yoast SEO plugin. -->","yoast_head_json":{"title":"Der Designfehler der Demokratie &#187; Fr\u00e9d\u00e9ric Ranft","description":"Mit der Demokratie haben wir uns etwas in die Welt geworfen, das anders funktioniert als erwartet. Zur Gestalt unserer Demokratie:","robots":{"index":"index","follow":"follow","max-snippet":"max-snippet:-1","max-image-preview":"max-image-preview:large","max-video-preview":"max-video-preview:-1"},"canonical":"https:\/\/fredericranft.de\/artikel\/der-designfehler-der-demokratie\/","og_locale":"de_DE","og_type":"article","og_title":"Der Designfehler der Demokratie &#187; Fr\u00e9d\u00e9ric Ranft","og_description":"Mit der Demokratie haben wir uns etwas in die Welt geworfen, das anders funktioniert als erwartet. Zur Gestalt unserer Demokratie:","og_url":"https:\/\/fredericranft.de\/artikel\/der-designfehler-der-demokratie\/","og_site_name":"Fr\u00e9d\u00e9ric Ranft","article_publisher":"https:\/\/www.facebook.com\/f.ranft","article_author":"https:\/\/www.facebook.com\/f.ranft","article_published_time":"2017-09-03T15:43:39+00:00","article_modified_time":"2020-10-11T17:00:41+00:00","og_image":[{"url":"https:\/\/fredericranft.de\/artikel\/wp-content\/uploads\/2020\/10\/1p96yluOD-da6DKg6BSjs5w-2-1024x760.jpeg","type":"","width":"","height":""}],"author":"Fr\u00e9d\u00e9ric Ranft","twitter_card":"summary_large_image","twitter_creator":"@f_ranft","twitter_site":"@f_ranft","twitter_misc":{"Verfasst von":"Fr\u00e9d\u00e9ric Ranft","Gesch\u00e4tzte Lesezeit":"10\u00a0Minuten"},"schema":{"@context":"https:\/\/schema.org","@graph":[{"@type":"Article","@id":"https:\/\/fredericranft.de\/artikel\/der-designfehler-der-demokratie\/#article","isPartOf":{"@id":"https:\/\/fredericranft.de\/artikel\/der-designfehler-der-demokratie\/"},"author":{"name":"Fr\u00e9d\u00e9ric Ranft","@id":"https:\/\/fredericranft.de\/artikel\/#\/schema\/person\/b2e299552a9a0b0d267b2f949a027830"},"headline":"Der Designfehler der Demokratie","datePublished":"2017-09-03T15:43:39+00:00","dateModified":"2020-10-11T17:00:41+00:00","mainEntityOfPage":{"@id":"https:\/\/fredericranft.de\/artikel\/der-designfehler-der-demokratie\/"},"wordCount":1956,"commentCount":3,"publisher":{"@id":"https:\/\/fredericranft.de\/artikel\/#\/schema\/person\/b2e299552a9a0b0d267b2f949a027830"},"image":{"@id":"https:\/\/fredericranft.de\/artikel\/der-designfehler-der-demokratie\/#primaryimage"},"thumbnailUrl":"https:\/\/fredericranft.de\/artikel\/wp-content\/uploads\/2020\/10\/1p96yluOD-da6DKg6BSjs5w-2-1024x760.jpeg","inLanguage":"de","potentialAction":[{"@type":"CommentAction","name":"Comment","target":["https:\/\/fredericranft.de\/artikel\/der-designfehler-der-demokratie\/#respond"]}]},{"@type":"WebPage","@id":"https:\/\/fredericranft.de\/artikel\/der-designfehler-der-demokratie\/","url":"https:\/\/fredericranft.de\/artikel\/der-designfehler-der-demokratie\/","name":"Der Designfehler der Demokratie &#187; Fr\u00e9d\u00e9ric Ranft","isPartOf":{"@id":"https:\/\/fredericranft.de\/artikel\/#website"},"primaryImageOfPage":{"@id":"https:\/\/fredericranft.de\/artikel\/der-designfehler-der-demokratie\/#primaryimage"},"image":{"@id":"https:\/\/fredericranft.de\/artikel\/der-designfehler-der-demokratie\/#primaryimage"},"thumbnailUrl":"https:\/\/fredericranft.de\/artikel\/wp-content\/uploads\/2020\/10\/1p96yluOD-da6DKg6BSjs5w-2-1024x760.jpeg","datePublished":"2017-09-03T15:43:39+00:00","dateModified":"2020-10-11T17:00:41+00:00","description":"Mit der Demokratie haben wir uns etwas in die Welt geworfen, das anders funktioniert als erwartet. Zur Gestalt unserer Demokratie:","breadcrumb":{"@id":"https:\/\/fredericranft.de\/artikel\/der-designfehler-der-demokratie\/#breadcrumb"},"inLanguage":"de","potentialAction":[{"@type":"ReadAction","target":["https:\/\/fredericranft.de\/artikel\/der-designfehler-der-demokratie\/"]}]},{"@type":"ImageObject","inLanguage":"de","@id":"https:\/\/fredericranft.de\/artikel\/der-designfehler-der-demokratie\/#primaryimage","url":"https:\/\/fredericranft.de\/artikel\/wp-content\/uploads\/2020\/10\/1p96yluOD-da6DKg6BSjs5w-2-1024x760.jpeg","contentUrl":"https:\/\/fredericranft.de\/artikel\/wp-content\/uploads\/2020\/10\/1p96yluOD-da6DKg6BSjs5w-2-1024x760.jpeg"},{"@type":"BreadcrumbList","@id":"https:\/\/fredericranft.de\/artikel\/der-designfehler-der-demokratie\/#breadcrumb","itemListElement":[{"@type":"ListItem","position":1,"name":"Startseite","item":"https:\/\/fredericranft.de\/artikel\/"},{"@type":"ListItem","position":2,"name":"Der Designfehler der Demokratie"}]},{"@type":"WebSite","@id":"https:\/\/fredericranft.de\/artikel\/#website","url":"https:\/\/fredericranft.de\/artikel\/","name":"Fr\u00e9d\u00e9ric Ranft","description":"Gestaltungsperspektiven","publisher":{"@id":"https:\/\/fredericranft.de\/artikel\/#\/schema\/person\/b2e299552a9a0b0d267b2f949a027830"},"potentialAction":[{"@type":"SearchAction","target":{"@type":"EntryPoint","urlTemplate":"https:\/\/fredericranft.de\/artikel\/?s={search_term_string}"},"query-input":{"@type":"PropertyValueSpecification","valueRequired":true,"valueName":"search_term_string"}}],"inLanguage":"de"},{"@type":["Person","Organization"],"@id":"https:\/\/fredericranft.de\/artikel\/#\/schema\/person\/b2e299552a9a0b0d267b2f949a027830","name":"Fr\u00e9d\u00e9ric Ranft","logo":{"@id":"https:\/\/fredericranft.de\/artikel\/#\/schema\/person\/image\/"},"description":"Ich gestalte Kommunikation.","sameAs":["https:\/\/fredericranft.de\/artikel","https:\/\/www.facebook.com\/f.ranft","https:\/\/www.instagram.com\/f_ranft\/","https:\/\/www.linkedin.com\/in\/fr\u00e9d\u00e9ric-ranft-33596122\/","https:\/\/x.com\/f_ranft","https:\/\/soundcloud.com\/f_ranft"],"url":"https:\/\/fredericranft.de\/artikel\/author\/gestaltungsperspektive\/"}]}},"_links":{"self":[{"href":"https:\/\/fredericranft.de\/artikel\/wp-json\/wp\/v2\/posts\/161","targetHints":{"allow":["GET"]}}],"collection":[{"href":"https:\/\/fredericranft.de\/artikel\/wp-json\/wp\/v2\/posts"}],"about":[{"href":"https:\/\/fredericranft.de\/artikel\/wp-json\/wp\/v2\/types\/post"}],"author":[{"embeddable":true,"href":"https:\/\/fredericranft.de\/artikel\/wp-json\/wp\/v2\/users\/1"}],"replies":[{"embeddable":true,"href":"https:\/\/fredericranft.de\/artikel\/wp-json\/wp\/v2\/comments?post=161"}],"version-history":[{"count":0,"href":"https:\/\/fredericranft.de\/artikel\/wp-json\/wp\/v2\/posts\/161\/revisions"}],"wp:attachment":[{"href":"https:\/\/fredericranft.de\/artikel\/wp-json\/wp\/v2\/media?parent=161"}],"wp:term":[{"taxonomy":"category","embeddable":true,"href":"https:\/\/fredericranft.de\/artikel\/wp-json\/wp\/v2\/categories?post=161"},{"taxonomy":"post_tag","embeddable":true,"href":"https:\/\/fredericranft.de\/artikel\/wp-json\/wp\/v2\/tags?post=161"}],"curies":[{"name":"wp","href":"https:\/\/api.w.org\/{rel}","templated":true}]}}