{"id":275,"date":"2016-11-13T08:09:08","date_gmt":"2016-11-13T07:09:08","guid":{"rendered":"https:\/\/fredericranft.de\/artikel\/?p=275"},"modified":"2020-10-29T20:14:36","modified_gmt":"2020-10-29T19:14:36","slug":"nach-der-wahl-von-trump-demokratie-parteien","status":"publish","type":"post","link":"https:\/\/fredericranft.de\/artikel\/nach-der-wahl-von-trump-demokratie-parteien\/","title":{"rendered":"Nach der Wahl von Trump"},"content":{"rendered":"\n<p>Sieben erste\u00a0<em>Thesen<\/em>\u00a0zu den Oberfl\u00e4chen unserer Demokratie. Sieben Schritte, f\u00fcr die man nicht \u00fcber Inhalte streiten muss.<\/p>\n\n\n\n<h3 class=\"wp-block-heading\">1)\u00a0Sprecht auf Facebook gezielt W\u00e4hler anderer Parteien an<\/h3>\n\n\n\n<p><em>(gerade, aber nicht nur, die der AfD)<\/em>&nbsp;Daf\u00fcr ist der Algorithmus da! Das ist nicht effizient, wenn es darum geht eine Wahl zu gewinnen. Im Grundgesetz steht aber \u201eDie Parteien wirken bei der politischen Willensbildung des Volkes mit.\u201c Das macht ihr hier nicht mehr. Auch daran krankt die Demokratie \u2013 und wenn die erst einmal besch\u00e4digt ist, n\u00fctzen euch eure vollbeschallten Anh\u00e4nger auch nichts mehr.<\/p>\n\n\n\n<h3 class=\"wp-block-heading\">2a) Produziert Inhalte, die l\u00e4nger halten als einen Wahlkampf.<\/h3>\n\n\n\n<p>Nach der Wahl habt ihr daf\u00fcr wieder kein Geld und keine Zeit. Das gro\u00dfartige am Netz ist doch, dass ihr vollkommen autonom heute Inhalte produzieren und ver\u00f6ffentlichen k\u00f6nnt, die sich in X Jahren auszahlen. Wenn das n\u00e4chste Mal Pferdefleisch in Tiefk\u00fchllasagne auftaucht, ist eine drei Jahre alte Geschichte eurer Partei zum Thema Verbraucherschutz Gold wert. Und ein Grundsatzprogramm als Video ist langfristig eine verdammt gute Investition. Irgendjemand im Netz findet diese Inhalte im richtigen Moment und kann sie Dank Facebook verbreiten. Das ist bedeutend schlagkr\u00e4ftiger als \u201eDas haben wir ja schon immer gesagt!\u201c in ein Mikrofon zu sprechen.<\/p>\n\n\n\n<h3 class=\"wp-block-heading\">2b) Redet ab heute \u00fcber Themen die jetzt \u2013 genau jetzt \u2013 relevant sind.<\/h3>\n\n\n\n<p>Nicht wenn sie entschieden werden. Ihr m\u00fcsst einen Teil der Kommunikation vom politischen Prozess abkoppeln, sonst h\u00f6rt euch in sozialen Netzen Niemand. Dank Facebook k\u00f6nnt ihr jederzeit Fragen beantworten, die euch in Pressekonferenzen gerade nicht gefragt werden. Dank Facebook habt ihr die M\u00f6glichkeit zu erkennen, wor\u00fcber gerade gesprochen wird.<\/p>\n\n\n\n<h3 class=\"wp-block-heading\">3) Rettet die Lokalredaktionen und erleichtert den Wiederaufbau von bereits geschlossenen.<\/h3>\n\n\n\n<p>Es gibt mittlerweile Regionen ohne eigene Redaktion (und nur eine ist schon schlecht!). Warum soll da Irgendwer auf welcher Grundlage entscheiden ob er Jemanden w\u00e4hlt? Und wie soll ein Kommunalpolitiker, Landtags- oder Bundestagskandidat dort f\u00fcr sich werben?Irgendjemand muss Politik professionell und beruflich beobachten, jeden Tag. Niemand au\u00dfer einem Journalisten kann das. Auch mit dem Internet nicht. Da k\u00f6nnt ihr gegen\u00fcber den B\u00fcrgern noch so viel Transparenz herstellen. Bei der Mehrheit scheitert es bereits an der fehlenden Zeit. Es gibt \u2013 Gott sei dank \u2013 noch andere Dinge als Politik.Ich wei\u00df nicht wie man Lokalredaktionen rettet. Ich h\u00e4tte aber auch nicht gewu\u00dft, wie man die deutsche Automobilbranche durch die Finanzkrise bringt. Habt ihr irgendwie hinbekommen.<\/p>\n\n\n\n<h3 class=\"wp-block-heading\">4) Schreibt endlich klare Regeln f\u00fcr die TV-Duelle fest.<\/h3>\n\n\n\n<p>Wir haben Norbert Lammert! Und der hat gerade mehr Zeit. Wer k\u00f6nnte solche Regeln besser organisieren? TV-Duelle haben ganz viele Nachteile, aber eine Qualit\u00e4t, die kein anderes Format hat: Die B\u00fcrger k\u00f6nnen Politiker in f\u00fcr sie nicht kontrollierbaren Umgebungen beobachten. Das ist eine der wenigen Achillesfersen von Demagogen, und diese Situationen gibt es im Wahlkampf viel zu selten (verstehe ich, ist anstrengend und riskant. Take one for the team.).<\/p>\n\n\n\n<h3 class=\"wp-block-heading\">5) Lasst euch die Idee eines \u00f6ffentlich-rechtlichen Netzes nicht von Menschen, die die GEZ schon scheisse fanden, kaputt machen.<\/h3>\n\n\n\n<p>Ja, mir fallen auch auf Anhieb ein Dutzend Gr\u00fcnde ein, warum der Staat nicht besonders gut darin ist ein erfolgreiches Angebot im Netz zu schaffen. Noch dazu ein politisches. Aber mir fallen mindestens so viele Gr\u00fcnde ein warum es wichtig w\u00e4re, und einer warum die Alternative \u2013 Facebook zu regulieren \u2013 vollkommen aussichtslos ist. Facebook ist derzeit aber kein guter Ort um Demokratie zu erleben, geschweige denn sie ein\u00fcben zu k\u00f6nnen. Wir brauchen einen Plan B.<\/p>\n\n\n\n<h3 class=\"wp-block-heading\">6) Redet trotzdem mit Facebook.<\/h3>\n\n\n\n<p>Facebook wird nie das eigentliche Produkt, den Newsfeed, f\u00fcr euch \u00e4ndern. Aber Facebook kann am Wahltag einblenden das Wahl ist. Allen deutschen Nutzern gleichzeitig. Das ist eine Chance. Wenn ihr Facebook nicht erkl\u00e4rt was f\u00fcr die Demokratie sinnvoll ist (und bei einer solchen Einblendung kann man sehr viel falsch machen), versuchen die das selbst. Facebook lobbyiert doch auch bei euch, dreht das mal um.<\/p>\n\n\n\n<h3 class=\"wp-block-heading\">7) Macht personenzentrierten Wahlkampf.<\/h3>\n\n\n\n<p>Auch wenn das nicht exakt auf unser politisches System passt. Menschen nutzen Demokratie nicht, wie sie mal am Rei\u00dfbrett entworfen wurde. Es ist aussichtslos und furchtbar anma\u00dfend das einzufordern (das tolle an Demokratie ist ja gerade, dass jeder entscheiden kann wie er oder sie es will). Die Personen, die ihr nach vorne r\u00fcckt, k\u00f6nnen das politische System und die Parteien dann wenigstens erkl\u00e4ren w\u00e4hrend Jemand zuh\u00f6rt. Gegen einen Demagogen hilft kein Kompetenzteam.<\/p>\n","protected":false},"excerpt":{"rendered":"<p>Was ich mir von unseren Parteien jetzt w\u00fcnsche<\/p>\n","protected":false},"author":1,"featured_media":0,"comment_status":"open","ping_status":"open","sticky":false,"template":"","format":"standard","meta":{"webmentions_disabled_pings":false,"webmentions_disabled":false,"activitypub_content_warning":"","activitypub_content_visibility":"","activitypub_max_image_attachments":3,"activitypub_interaction_policy_quote":"anyone","activitypub_status":"","footnotes":""},"categories":[1],"tags":[],"class_list":["post-275","post","type-post","status-publish","format-standard","hentry","category-allgemein"],"yoast_head":"<!-- This site is optimized with the Yoast SEO plugin v27.5 - https:\/\/yoast.com\/product\/yoast-seo-wordpress\/ -->\n<title>Nach der Wahl von Trump &#187; Fr\u00e9d\u00e9ric Ranft<\/title>\n<meta name=\"robots\" content=\"index, follow, max-snippet:-1, max-image-preview:large, max-video-preview:-1\" \/>\n<link rel=\"canonical\" href=\"https:\/\/fredericranft.de\/artikel\/nach-der-wahl-von-trump-demokratie-parteien\/\" \/>\n<meta property=\"og:locale\" content=\"de_DE\" \/>\n<meta property=\"og:type\" content=\"article\" \/>\n<meta property=\"og:title\" content=\"Nach der Wahl von Trump &#187; Fr\u00e9d\u00e9ric Ranft\" \/>\n<meta property=\"og:description\" content=\"Was ich mir von unseren Parteien jetzt w\u00fcnsche\" \/>\n<meta property=\"og:url\" content=\"https:\/\/fredericranft.de\/artikel\/nach-der-wahl-von-trump-demokratie-parteien\/\" \/>\n<meta property=\"og:site_name\" content=\"Fr\u00e9d\u00e9ric Ranft\" \/>\n<meta property=\"article:publisher\" content=\"https:\/\/www.facebook.com\/f.ranft\" \/>\n<meta property=\"article:author\" content=\"https:\/\/www.facebook.com\/f.ranft\" \/>\n<meta property=\"article:published_time\" content=\"2016-11-13T07:09:08+00:00\" \/>\n<meta property=\"article:modified_time\" content=\"2020-10-29T19:14:36+00:00\" \/>\n<meta property=\"og:image\" content=\"https:\/\/fredericranft.de\/artikel\/wp-content\/uploads\/2020\/10\/fredericranft-gestaltungsperspektiven.png\" \/>\n\t<meta property=\"og:image:width\" content=\"1920\" \/>\n\t<meta property=\"og:image:height\" content=\"1000\" \/>\n\t<meta property=\"og:image:type\" content=\"image\/png\" \/>\n<meta name=\"author\" content=\"Fr\u00e9d\u00e9ric Ranft\" \/>\n<meta name=\"twitter:card\" content=\"summary_large_image\" \/>\n<meta name=\"twitter:creator\" content=\"@f_ranft\" \/>\n<meta name=\"twitter:site\" content=\"@f_ranft\" \/>\n<meta name=\"twitter:label1\" content=\"Verfasst von\" \/>\n\t<meta name=\"twitter:data1\" content=\"Fr\u00e9d\u00e9ric Ranft\" \/>\n\t<meta name=\"twitter:label2\" content=\"Gesch\u00e4tzte Lesezeit\" \/>\n\t<meta name=\"twitter:data2\" content=\"4\u00a0Minuten\" \/>\n<script type=\"application\/ld+json\" class=\"yoast-schema-graph\">{\"@context\":\"https:\\\/\\\/schema.org\",\"@graph\":[{\"@type\":\"Article\",\"@id\":\"https:\\\/\\\/fredericranft.de\\\/artikel\\\/nach-der-wahl-von-trump-demokratie-parteien\\\/#article\",\"isPartOf\":{\"@id\":\"https:\\\/\\\/fredericranft.de\\\/artikel\\\/nach-der-wahl-von-trump-demokratie-parteien\\\/\"},\"author\":{\"name\":\"Fr\u00e9d\u00e9ric Ranft\",\"@id\":\"https:\\\/\\\/fredericranft.de\\\/artikel\\\/#\\\/schema\\\/person\\\/b2e299552a9a0b0d267b2f949a027830\"},\"headline\":\"Nach der Wahl von Trump\",\"datePublished\":\"2016-11-13T07:09:08+00:00\",\"dateModified\":\"2020-10-29T19:14:36+00:00\",\"mainEntityOfPage\":{\"@id\":\"https:\\\/\\\/fredericranft.de\\\/artikel\\\/nach-der-wahl-von-trump-demokratie-parteien\\\/\"},\"wordCount\":749,\"commentCount\":0,\"publisher\":{\"@id\":\"https:\\\/\\\/fredericranft.de\\\/artikel\\\/#\\\/schema\\\/person\\\/b2e299552a9a0b0d267b2f949a027830\"},\"inLanguage\":\"de\",\"potentialAction\":[{\"@type\":\"CommentAction\",\"name\":\"Comment\",\"target\":[\"https:\\\/\\\/fredericranft.de\\\/artikel\\\/nach-der-wahl-von-trump-demokratie-parteien\\\/#respond\"]}]},{\"@type\":\"WebPage\",\"@id\":\"https:\\\/\\\/fredericranft.de\\\/artikel\\\/nach-der-wahl-von-trump-demokratie-parteien\\\/\",\"url\":\"https:\\\/\\\/fredericranft.de\\\/artikel\\\/nach-der-wahl-von-trump-demokratie-parteien\\\/\",\"name\":\"Nach der Wahl von Trump &#187; Fr\u00e9d\u00e9ric Ranft\",\"isPartOf\":{\"@id\":\"https:\\\/\\\/fredericranft.de\\\/artikel\\\/#website\"},\"datePublished\":\"2016-11-13T07:09:08+00:00\",\"dateModified\":\"2020-10-29T19:14:36+00:00\",\"breadcrumb\":{\"@id\":\"https:\\\/\\\/fredericranft.de\\\/artikel\\\/nach-der-wahl-von-trump-demokratie-parteien\\\/#breadcrumb\"},\"inLanguage\":\"de\",\"potentialAction\":[{\"@type\":\"ReadAction\",\"target\":[\"https:\\\/\\\/fredericranft.de\\\/artikel\\\/nach-der-wahl-von-trump-demokratie-parteien\\\/\"]}]},{\"@type\":\"BreadcrumbList\",\"@id\":\"https:\\\/\\\/fredericranft.de\\\/artikel\\\/nach-der-wahl-von-trump-demokratie-parteien\\\/#breadcrumb\",\"itemListElement\":[{\"@type\":\"ListItem\",\"position\":1,\"name\":\"Startseite\",\"item\":\"https:\\\/\\\/fredericranft.de\\\/artikel\\\/\"},{\"@type\":\"ListItem\",\"position\":2,\"name\":\"Nach der Wahl von Trump\"}]},{\"@type\":\"WebSite\",\"@id\":\"https:\\\/\\\/fredericranft.de\\\/artikel\\\/#website\",\"url\":\"https:\\\/\\\/fredericranft.de\\\/artikel\\\/\",\"name\":\"Fr\u00e9d\u00e9ric Ranft\",\"description\":\"Gestaltungsperspektiven\",\"publisher\":{\"@id\":\"https:\\\/\\\/fredericranft.de\\\/artikel\\\/#\\\/schema\\\/person\\\/b2e299552a9a0b0d267b2f949a027830\"},\"potentialAction\":[{\"@type\":\"SearchAction\",\"target\":{\"@type\":\"EntryPoint\",\"urlTemplate\":\"https:\\\/\\\/fredericranft.de\\\/artikel\\\/?s={search_term_string}\"},\"query-input\":{\"@type\":\"PropertyValueSpecification\",\"valueRequired\":true,\"valueName\":\"search_term_string\"}}],\"inLanguage\":\"de\"},{\"@type\":[\"Person\",\"Organization\"],\"@id\":\"https:\\\/\\\/fredericranft.de\\\/artikel\\\/#\\\/schema\\\/person\\\/b2e299552a9a0b0d267b2f949a027830\",\"name\":\"Fr\u00e9d\u00e9ric Ranft\",\"logo\":{\"@id\":\"https:\\\/\\\/fredericranft.de\\\/artikel\\\/#\\\/schema\\\/person\\\/image\\\/\"},\"description\":\"Ich gestalte Kommunikation.\",\"sameAs\":[\"https:\\\/\\\/fredericranft.de\\\/artikel\",\"https:\\\/\\\/www.facebook.com\\\/f.ranft\",\"https:\\\/\\\/www.instagram.com\\\/f_ranft\\\/\",\"https:\\\/\\\/www.linkedin.com\\\/in\\\/fr\u00e9d\u00e9ric-ranft-33596122\\\/\",\"https:\\\/\\\/x.com\\\/f_ranft\",\"https:\\\/\\\/soundcloud.com\\\/f_ranft\"],\"url\":\"https:\\\/\\\/fredericranft.de\\\/artikel\\\/author\\\/gestaltungsperspektive\\\/\"}]}<\/script>\n<!-- \/ Yoast SEO plugin. -->","yoast_head_json":{"title":"Nach der Wahl von Trump &#187; Fr\u00e9d\u00e9ric Ranft","robots":{"index":"index","follow":"follow","max-snippet":"max-snippet:-1","max-image-preview":"max-image-preview:large","max-video-preview":"max-video-preview:-1"},"canonical":"https:\/\/fredericranft.de\/artikel\/nach-der-wahl-von-trump-demokratie-parteien\/","og_locale":"de_DE","og_type":"article","og_title":"Nach der Wahl von Trump &#187; Fr\u00e9d\u00e9ric Ranft","og_description":"Was ich mir von unseren Parteien jetzt w\u00fcnsche","og_url":"https:\/\/fredericranft.de\/artikel\/nach-der-wahl-von-trump-demokratie-parteien\/","og_site_name":"Fr\u00e9d\u00e9ric Ranft","article_publisher":"https:\/\/www.facebook.com\/f.ranft","article_author":"https:\/\/www.facebook.com\/f.ranft","article_published_time":"2016-11-13T07:09:08+00:00","article_modified_time":"2020-10-29T19:14:36+00:00","og_image":[{"width":1920,"height":1000,"url":"https:\/\/fredericranft.de\/artikel\/wp-content\/uploads\/2020\/10\/fredericranft-gestaltungsperspektiven.png","type":"image\/png"}],"author":"Fr\u00e9d\u00e9ric Ranft","twitter_card":"summary_large_image","twitter_creator":"@f_ranft","twitter_site":"@f_ranft","twitter_misc":{"Verfasst von":"Fr\u00e9d\u00e9ric Ranft","Gesch\u00e4tzte Lesezeit":"4\u00a0Minuten"},"schema":{"@context":"https:\/\/schema.org","@graph":[{"@type":"Article","@id":"https:\/\/fredericranft.de\/artikel\/nach-der-wahl-von-trump-demokratie-parteien\/#article","isPartOf":{"@id":"https:\/\/fredericranft.de\/artikel\/nach-der-wahl-von-trump-demokratie-parteien\/"},"author":{"name":"Fr\u00e9d\u00e9ric Ranft","@id":"https:\/\/fredericranft.de\/artikel\/#\/schema\/person\/b2e299552a9a0b0d267b2f949a027830"},"headline":"Nach der Wahl von Trump","datePublished":"2016-11-13T07:09:08+00:00","dateModified":"2020-10-29T19:14:36+00:00","mainEntityOfPage":{"@id":"https:\/\/fredericranft.de\/artikel\/nach-der-wahl-von-trump-demokratie-parteien\/"},"wordCount":749,"commentCount":0,"publisher":{"@id":"https:\/\/fredericranft.de\/artikel\/#\/schema\/person\/b2e299552a9a0b0d267b2f949a027830"},"inLanguage":"de","potentialAction":[{"@type":"CommentAction","name":"Comment","target":["https:\/\/fredericranft.de\/artikel\/nach-der-wahl-von-trump-demokratie-parteien\/#respond"]}]},{"@type":"WebPage","@id":"https:\/\/fredericranft.de\/artikel\/nach-der-wahl-von-trump-demokratie-parteien\/","url":"https:\/\/fredericranft.de\/artikel\/nach-der-wahl-von-trump-demokratie-parteien\/","name":"Nach der Wahl von Trump &#187; Fr\u00e9d\u00e9ric Ranft","isPartOf":{"@id":"https:\/\/fredericranft.de\/artikel\/#website"},"datePublished":"2016-11-13T07:09:08+00:00","dateModified":"2020-10-29T19:14:36+00:00","breadcrumb":{"@id":"https:\/\/fredericranft.de\/artikel\/nach-der-wahl-von-trump-demokratie-parteien\/#breadcrumb"},"inLanguage":"de","potentialAction":[{"@type":"ReadAction","target":["https:\/\/fredericranft.de\/artikel\/nach-der-wahl-von-trump-demokratie-parteien\/"]}]},{"@type":"BreadcrumbList","@id":"https:\/\/fredericranft.de\/artikel\/nach-der-wahl-von-trump-demokratie-parteien\/#breadcrumb","itemListElement":[{"@type":"ListItem","position":1,"name":"Startseite","item":"https:\/\/fredericranft.de\/artikel\/"},{"@type":"ListItem","position":2,"name":"Nach der Wahl von Trump"}]},{"@type":"WebSite","@id":"https:\/\/fredericranft.de\/artikel\/#website","url":"https:\/\/fredericranft.de\/artikel\/","name":"Fr\u00e9d\u00e9ric Ranft","description":"Gestaltungsperspektiven","publisher":{"@id":"https:\/\/fredericranft.de\/artikel\/#\/schema\/person\/b2e299552a9a0b0d267b2f949a027830"},"potentialAction":[{"@type":"SearchAction","target":{"@type":"EntryPoint","urlTemplate":"https:\/\/fredericranft.de\/artikel\/?s={search_term_string}"},"query-input":{"@type":"PropertyValueSpecification","valueRequired":true,"valueName":"search_term_string"}}],"inLanguage":"de"},{"@type":["Person","Organization"],"@id":"https:\/\/fredericranft.de\/artikel\/#\/schema\/person\/b2e299552a9a0b0d267b2f949a027830","name":"Fr\u00e9d\u00e9ric Ranft","logo":{"@id":"https:\/\/fredericranft.de\/artikel\/#\/schema\/person\/image\/"},"description":"Ich gestalte Kommunikation.","sameAs":["https:\/\/fredericranft.de\/artikel","https:\/\/www.facebook.com\/f.ranft","https:\/\/www.instagram.com\/f_ranft\/","https:\/\/www.linkedin.com\/in\/fr\u00e9d\u00e9ric-ranft-33596122\/","https:\/\/x.com\/f_ranft","https:\/\/soundcloud.com\/f_ranft"],"url":"https:\/\/fredericranft.de\/artikel\/author\/gestaltungsperspektive\/"}]}},"_links":{"self":[{"href":"https:\/\/fredericranft.de\/artikel\/wp-json\/wp\/v2\/posts\/275","targetHints":{"allow":["GET"]}}],"collection":[{"href":"https:\/\/fredericranft.de\/artikel\/wp-json\/wp\/v2\/posts"}],"about":[{"href":"https:\/\/fredericranft.de\/artikel\/wp-json\/wp\/v2\/types\/post"}],"author":[{"embeddable":true,"href":"https:\/\/fredericranft.de\/artikel\/wp-json\/wp\/v2\/users\/1"}],"replies":[{"embeddable":true,"href":"https:\/\/fredericranft.de\/artikel\/wp-json\/wp\/v2\/comments?post=275"}],"version-history":[{"count":0,"href":"https:\/\/fredericranft.de\/artikel\/wp-json\/wp\/v2\/posts\/275\/revisions"}],"wp:attachment":[{"href":"https:\/\/fredericranft.de\/artikel\/wp-json\/wp\/v2\/media?parent=275"}],"wp:term":[{"taxonomy":"category","embeddable":true,"href":"https:\/\/fredericranft.de\/artikel\/wp-json\/wp\/v2\/categories?post=275"},{"taxonomy":"post_tag","embeddable":true,"href":"https:\/\/fredericranft.de\/artikel\/wp-json\/wp\/v2\/tags?post=275"}],"curies":[{"name":"wp","href":"https:\/\/api.w.org\/{rel}","templated":true}]}}