{"id":282,"date":"2018-04-02T18:15:10","date_gmt":"2018-04-02T16:15:10","guid":{"rendered":"https:\/\/fredericranft.de\/artikel\/?p=282"},"modified":"2020-10-29T20:27:01","modified_gmt":"2020-10-29T19:27:01","slug":"daten-sind-gut-fuer-die-demokratie","status":"publish","type":"post","link":"https:\/\/fredericranft.de\/artikel\/daten-sind-gut-fuer-die-demokratie\/","title":{"rendered":"Daten sind gut f\u00fcr die Demokratie"},"content":{"rendered":"\n<p>Erst die Cambridge-Analytica Debatte und jetzt kommen noch die Meldungen zu den Daten der\u00a0<a href=\"https:\/\/l.facebook.com\/l.php?u=http%3A%2F%2Fwww.spiegel.de%2Fpolitik%2Fdeutschland%2Fcdu-und-fdp-sollen-daten-von-deutscher-post-gekauft-haben-a-1200776.html%3Ffbclid%3DIwAR06LrvrPkhJ_JFE-pHl5IjcwD6pe-cuH9tBwKOnG_hnhNp_G2C6Ms_10TY&amp;h=AT0g-P8QWk1r4Ef99CY9jeA2xw09eIO90ZRWMw8v3veqsoeNNUqtUQrrPbHpxt95nbEGgYXYhbDtFmQATHSEl_8Nx9NO4H46LuMu_7fodYBnjfFI3F1O1-N6SQyE11Hb-bUEDK-Vzw\" rel=\"noreferrer noopener\" target=\"_blank\">Deutschen Post<\/a>\u00a0hinzu. Es ist Zeit einmal die armen\u00a0Daten\u00a0in Schutz nehmen. Sie sind f\u00fcr die Demokratie wichtig \u2013 ohne Daten funktioniert nichts besser.<\/p>\n\n\n\n<h3 class=\"wp-block-heading\">Wir sollten der Politik <em>mehr<\/em> Daten geben<\/h3>\n\n\n\n<p>Demokratie ist die Herrschaft des Volkes. In einer Demokratie soll die Politik umsetzen, was wir wollen. Dazu muss die Politik wissen, was wir wollen. Das geht nur mit Daten:<\/p>\n\n\n\n<p>Es gibt in Deutschland \u00fcber 60 Millionen Menschen, die an einer Bundestagswahl teilnehmen d\u00fcrfen. Die mitgliederst\u00e4rkste Partei in Deutschland, die SPD, hat knapp 450.000 Mitglieder. Damit die SPD vor einer Wahl jedem Wahlberechtigten einmal zugeh\u00f6rt haben kann, m\u00fcsste jedes SPD-Mitglied mit \u00fcber 130 Menschen sprechen. Das geht nicht (will auch keiner, ich wei\u00df das). <\/p>\n\n\n\n<p>Die Parteien sind durch das Grundgesetz verpflichtet an der politischen Willensbildung des Volkes mitzuwirken. Dazu m\u00fcssen sie wissen, was das Volk denkt, was es wei\u00df und wie man zu ihm spricht. Das geht nur mit Daten:<\/p>\n\n\n\n<p>Die auflagenst\u00e4rkste deutsche Tageszeitung, die Bild, verkauft noch 1,66 Millionen Exemplare. Die Quotenst\u00e4rkste politische Talkshow, Anne Will, erreicht noch ungef\u00e4hr vier Millionen Menschen. Auf Facebook k\u00f6nnen Parteien \u00fcber 30 Millionen Menschen erreichen. Wenn sie die richtigen Botschaften an die richtigen Nutzer ausspielen. Wie das geht? Mit Daten.<\/p>\n\n\n\n<p>Das ist irgendwie neu und deswegen beunruhigend. Und die derzeitige Berichterstattung \u00fcber Cambridge Analytica und der Deutschen Post gibt sich alle M\u00fche ,uns Angst vor Daten in der Politik zu machen. Die ist aber gr\u00f6\u00dftenteils unbegr\u00fcndet und schadet der Demokratie.\u00a0<strong>Gute, demokratische Politik braucht mehr Daten, nicht weniger. F\u00fcr die Gesetzgebung und auch f\u00fcr die politische Kommunikation.<\/strong><\/p>\n\n\n\n<p>Wenn Politik dar\u00fcber entscheidet, wie man alleinerziehenden M\u00fcttern helfen kann, will ich, dass die Politik wei\u00df, wie viele alleinerziehende M\u00fctter es gibt, was ihnen fehlt und wie man Ihnen helfen kann. Dazu kann der Bundestag nat\u00fcrlich nicht alle alleinerziehenden M\u00fctter besuchen und befragen. Und es reicht auch nicht auf Basis einer Anekdote eines Abgeordneten Politik zu machen. Politik braucht f\u00fcr eine gute Gesetzgebung Daten.<\/p>\n\n\n\n<p>Wenn eine Partei meint, dass der Ausbau des \u00f6ffentlichen Nahverkehrs total wichtig ist, will ich, dass sie das m\u00f6glichst vielen Menschen erkl\u00e4ren kann. Und unterschiedliche Menschen interessieren sich nunmal f\u00fcr unterschiedliche Aspekte des \u00f6ffentlichen Nahverkehrs. Manche wollen \u00fcberhaupt erstmal eine Busverbindung, andere eine schnellere Taktung bei der Zuglinie. Manche wollen WLAN im Zug, andere k\u00f6nnen sich das Ticket nicht leisten. Manche verstehen gar nicht was ein \u201e\u00d6PNV\u201c ist, sondern nur was \u201eBusse und Bahnen\u201c sind. All das muss eine Partei wissen und nutzen d\u00fcrfen. Wie soll Demokratie denn sonst funktionieren?<\/p>\n\n\n\n<p>Wenn eine Partei ein neues Rentenkonzept entwickelt hat, will ich, dass die Partei absch\u00e4tzen kann, wie es sich auf die Renterinnen und Rentner in Deutschland auswirkt. Und ich will, dass die Partei wenigstens eine Chance hat, denen, die vom Rentenkonzept betroffen w\u00e4ren, diese Idee vor einer Wahl auch vorzustellen. <\/p>\n\n\n\n<p>W\u00e4re es nicht gut, wenn die Partei die Betroffenen direkt befragen kann? Warum soll es denn besser sein, wenn die Politik ihre Ideen nur an einem diffusen Stimmungsbild der Medien oder durch R\u00fcckmeldungen von Lobbyverb\u00e4nden messen kann? <strong>In diesen Beispielen stecken vier Aspekte, die Voraussetzung f\u00fcr gute und demokratische Politik sind:<\/strong><\/p>\n\n\n\n<ol class=\"wp-block-list\"><li>Politik ben\u00f6tigt Strukturdaten, damit die sie wei\u00df, was Deutschland gerade ist. Ziehen Menschen vom Land auf die Stadt oder umgekehrt? Bekommen die Menschen mehr oder weniger Kinder als vor 20 Jahren? Gibt es in Regionen mit mehr Kriminalit\u00e4t mehr oder weniger Polizisten als in Regionen mit weniger Kriminalit\u00e4t?<\/li><li>Politik ben\u00f6tigt Typisierungen um die Vielfalt in unserem Land einsch\u00e4tzen und handhabbar machen zu k\u00f6nnen. Gibt es Typen von Menschen, die sich stark mit ihrem Auto identifizieren? Warum tun sie das? Wie viele sind es? Wie alt sind die? Werden es mehr oder weniger?<\/li><li>Politik muss in der Lage sein bestimmten Menschen, z.B. auf Basis der Typisierungen, zuh\u00f6ren und ihnen etwas sagen zu k\u00f6nnen. Politik kann nicht jede politische Debatte mit allen Menschen gleichzeitig f\u00fchren. Das ist ineffizient und unproduktiv. Es m\u00f6chte gar nicht jeder zu jedem Zeitpunkt bei allem mitreden. Falls dieses demokratische Lagerfeuer doch mal brennt ist das toll. Es ist aber nicht der Normalfall und meistens eher ein Hinweis darauf, dass gerade etwas wirklich so richtig schief l\u00e4uft.<\/li><li>Politik muss in der Lage sein verschiedene Menschen verschieden ansprechen zu k\u00f6nnen. Wenn man in einer Gesellschaft, die so Vielf\u00e4ltig ist wie unsere, Mehrheiten organisieren will, reicht es nicht mehr eine politische Idee zu haben. Die Idee mag noch so gut sein, sie wird nicht auf Anhieb von allen verstanden. Daf\u00fcr sind wir zu unterschiedlich. Wir ben\u00f6tigen verschiedene Zug\u00e4nge zu dieser Idee. Sowohl inhaltliche als auch kulturelle Zug\u00e4nge. Das geht auf pers\u00f6nlicher Ebene noch mit Empathie. Wenn eine ganze Organisation wie eine Partei erfolgreich kommunizieren soll, braucht sie daf\u00fcr Daten.<\/li><\/ol>\n\n\n\n<p>Daten sind eigentlich eine ziemlich gute Sache f\u00fcr die Demokratie.<\/p>\n\n\n\n<h3 class=\"wp-block-heading\">Debatten, die wir nicht f\u00fchren m\u00fcssen<\/h3>\n\n\n\n<p>Aber der Daten-Thriller, der sich durch Cambridge Analytica erz\u00e4hlen lie\u00df, war zu verlockend. Da wurden irgendwie hochsensible pers\u00f6nliche Daten von Millionen, ach komm, Milliarden Menschen geklaut, extrem effiziente Psychogramme von b\u00f6sen Wissenschaftlern entwickelt und dann konnte Trump\u2026 Also der hat dann irgendwie Werbung auf Facebook geschaltet und dann waren Millionen Amerikaner manipuliert und haben ihn gew\u00e4hlt. Trump!!!<\/p>\n\n\n\n<p>Das mag eine besonders bequeme Art sein ein unangenehmes Ph\u00e4nomen zu erkl\u00e4ren, aber deswegen sollten wir jetzt wirklich niemandem Panik vor Daten in der Politik machen:<\/p>\n\n\n\n<ol class=\"wp-block-list\"><li>Parteien haben gar kein Interesse an pers\u00f6nlichen Daten von Wahlberechtigten. Sie k\u00f6nnten damit in einem Wahlkampf (in Deutschland) nicht viel anfangen. Wenn man eine Wahl gewinnen will, muss man m\u00f6glichst viele Menschen mit m\u00f6glichst geringem Aufwand zur Wahl mobilisieren. Zu versuchen einen bestimmten Menschen auf Basis von personenbezogenen Daten zu \u00fcberzeugen ist unfassbar aufw\u00e4ndig. Randnotiz: Wenn das in einem Gespr\u00e4ch zwischen einem Parteimitglied und einem Freund passiert, st\u00f6rt uns das gar nicht.<\/li><li>Eine Partei kann auch mit noch so genauem Micro-Targeting und den besten Psychogrammen der Welt den W\u00e4hlerwillen nicht manipulieren. Eine Partei kann immer versuchen Angst zu sch\u00fcren. Eine Partei kann immer einfache Antworten auf komplizierte Fragen geben. Mit Daten erreicht man dann vielleicht ein paar mehr Menschen, die daf\u00fcr anf\u00e4lliger sind. Aber das gilt immer auch f\u00fcr das Aufzeigen einer politischen Alternative. Und bevor dieser kleine Effizienz-Gewinn \u00fcberhaupt zum Tragen kommt, gibt es viel tr\u00e4gere, fragw\u00fcrdigere und einflussreichere Effekte, die eine demokratische Wahl beeinflussen. Z. B. tribale Effekte, kulturelle Gewohnheiten oder das Aussehen und\/oder Geschlecht eines Politikers. Daten sind selten das Problem.<\/li><\/ol>\n\n\n\n<p>Die Emp\u00f6rung durch die Geschichte von Cambridge Analytica und der Daten der Deutschen Post m\u00fcndet so gerade in einer Scheindebatte. <mark>Wir debattieren ernsthaft, ob es f\u00fcr die Politik m\u00f6glich sein soll gezielt Menschen zu erreichen. Anstatt uns dar\u00fcber Gedanken zu machen, dass die Politik dies nur \u00fcber eine Hand voll Unternehmen wirksam tun kann.<\/mark> Das wirksamste (einfach, g\u00fcnstig, effizient, reichweitenstark) davon sitzt in den USA und wird von einer einzigen Person gef\u00fchrt. Mark Zuckerberg k\u00f6nnte diesen Weg morgen einfach zu machen. Was dann?<\/p>\n\n\n\n<p>Bei aller n\u00f6tigen Technologie-Kritik: Wollen wir wirklich zur\u00fcck zu Infost\u00e4nden in Fu\u00dfg\u00e4ngerzonen? Glaubt wirklich einer, dass dieses Plastiktische mit Schirm schon der H\u00f6hepunkt der politischen \u00d6ffentlichkeit war? Weil da keiner Daten gesammelt hat?<\/p>\n\n\n\n<p>Hier l\u00e4uft die H\u00e4lfte mit Payback-Karten rum und sammelt Punkte! Aber klar, mich soll jetzt beunruhigen, wenn ich vor einer Wahl mal einen Brief von einer Partei zugestellt bekomme. \u00dcber anonymisierte Daten. Von der Deutschen Post.<\/p>\n\n\n\n<h3 class=\"wp-block-heading\">Fragen, die wir beantworten m\u00fcssen<\/h3>\n\n\n\n<ul class=\"wp-block-list\"><li>Jetzt k\u00f6nnen wir uns nat\u00fcrlich hinstellen und sagen, dass uns die Politik gar nicht gezielt erreichen k\u00f6nnen soll (yeah, dann sind auch alle Datenschutz-Probleme gel\u00f6st!). Es kann ja jeder f\u00fcr sich entscheiden, ob sie sich informieren will oder nicht. Dann muss man aber auch dazu sagen, dass wir damit einen nicht politisierten Teil der Gesellschaft von der Demokratie einfach ausschlie\u00dfen. Wollen wir das?<\/li><li>Sollte uns nicht daran gelegen sein, wenn Parteien viel st\u00e4rker in eigenst\u00e4ndige datenbasierte Kommunikation investieren, damit sie wenigstens halbwegs auf Augenh\u00f6he mit gro\u00dfen Unternehmen kommunizieren k\u00f6nnen? Demokratie ist Kommunikation. Ein Unternehmen wie Facebook hat extrem viel Macht \u00fcber Kommunikation.<\/li><li>Wenn Parteien diese F\u00e4higkeit nicht haben sollen: Wer erm\u00f6glicht es der Politik auf Basis von anonymen Strukturdaten und\/oder Typisierungen Menschen gezielt ansprechen zu k\u00f6nnen? An welchem Punkt kommen die anonymen Daten und der einzelne Mensch wieder zusammen? Beim Staat? Bei Unternehmen? \u00dcber die Medien? Gar nicht?<\/li><li>Ist es nicht ziemlich riskant, dass uns Parteien mittlerweile am besten \u00fcber Facebook erreichen k\u00f6nnen? W\u00e4re es nicht besser, wenn wir unsere Daten daf\u00fcr nicht einem US-Unternehmen geben m\u00fcssten? Wenn uns Parteien an einem Ort erreichen k\u00f6nnten, dessen Regeln wir demokratisch bestimmen? M\u00fcssen wir Facebook regulieren?<\/li><li>Wie wollen wir eigentlich daf\u00fcr sorgen, dass immer weniger Parteimitglieder eine immer vielf\u00e4ltigere Gesellschaft abbilden k\u00f6nnen? Sind fair erhobene Daten und effiziente Kommunikationswege daf\u00fcr keine gute L\u00f6sung? Was ist die Alternative?<\/li><\/ul>\n","protected":false},"excerpt":{"rendered":"<p>Erst die Cambridge-Analytica Debatte und jetzt kommen noch die Meldungen zu den Daten der\u00a0Deutschen Post\u00a0hinzu. Es ist Zeit einmal die armen\u00a0Daten\u00a0in Schutz nehmen. Sie sind f\u00fcr die Demokratie wichtig \u2013 ohne Daten funktioniert nichts besser. Wir sollten der Politik mehr Daten geben Demokratie ist die Herrschaft des Volkes. In einer Demokratie soll die Politik umsetzen, [&hellip;]<\/p>\n","protected":false},"author":1,"featured_media":0,"comment_status":"open","ping_status":"open","sticky":false,"template":"","format":"standard","meta":{"webmentions_disabled_pings":false,"webmentions_disabled":false,"activitypub_content_warning":"","activitypub_content_visibility":"","activitypub_max_image_attachments":3,"activitypub_interaction_policy_quote":"anyone","activitypub_status":"","footnotes":""},"categories":[1],"tags":[],"class_list":["post-282","post","type-post","status-publish","format-standard","hentry","category-allgemein"],"yoast_head":"<!-- This site is optimized with the Yoast SEO plugin v27.5 - https:\/\/yoast.com\/product\/yoast-seo-wordpress\/ -->\n<title>Daten sind gut f\u00fcr die Demokratie &#187; Fr\u00e9d\u00e9ric Ranft<\/title>\n<meta name=\"robots\" content=\"index, follow, max-snippet:-1, max-image-preview:large, max-video-preview:-1\" \/>\n<link rel=\"canonical\" href=\"https:\/\/fredericranft.de\/artikel\/daten-sind-gut-fuer-die-demokratie\/\" \/>\n<meta property=\"og:locale\" content=\"de_DE\" \/>\n<meta property=\"og:type\" content=\"article\" \/>\n<meta property=\"og:title\" content=\"Daten sind gut f\u00fcr die Demokratie &#187; Fr\u00e9d\u00e9ric Ranft\" \/>\n<meta property=\"og:description\" content=\"Erst die Cambridge-Analytica Debatte und jetzt kommen noch die Meldungen zu den Daten der\u00a0Deutschen Post\u00a0hinzu. Es ist Zeit einmal die armen\u00a0Daten\u00a0in Schutz nehmen. Sie sind f\u00fcr die Demokratie wichtig \u2013 ohne Daten funktioniert nichts besser. Wir sollten der Politik mehr Daten geben Demokratie ist die Herrschaft des Volkes. In einer Demokratie soll die Politik umsetzen, [&hellip;]\" \/>\n<meta property=\"og:url\" content=\"https:\/\/fredericranft.de\/artikel\/daten-sind-gut-fuer-die-demokratie\/\" \/>\n<meta property=\"og:site_name\" content=\"Fr\u00e9d\u00e9ric Ranft\" \/>\n<meta property=\"article:publisher\" content=\"https:\/\/www.facebook.com\/f.ranft\" \/>\n<meta property=\"article:author\" content=\"https:\/\/www.facebook.com\/f.ranft\" \/>\n<meta property=\"article:published_time\" content=\"2018-04-02T16:15:10+00:00\" \/>\n<meta property=\"article:modified_time\" content=\"2020-10-29T19:27:01+00:00\" \/>\n<meta property=\"og:image\" content=\"https:\/\/fredericranft.de\/artikel\/wp-content\/uploads\/2020\/10\/fredericranft-gestaltungsperspektiven.png\" \/>\n\t<meta property=\"og:image:width\" content=\"1920\" \/>\n\t<meta property=\"og:image:height\" content=\"1000\" \/>\n\t<meta property=\"og:image:type\" content=\"image\/png\" \/>\n<meta name=\"author\" content=\"Fr\u00e9d\u00e9ric Ranft\" \/>\n<meta name=\"twitter:card\" content=\"summary_large_image\" \/>\n<meta name=\"twitter:creator\" content=\"@f_ranft\" \/>\n<meta name=\"twitter:site\" content=\"@f_ranft\" \/>\n<meta name=\"twitter:label1\" content=\"Verfasst von\" \/>\n\t<meta name=\"twitter:data1\" content=\"Fr\u00e9d\u00e9ric Ranft\" \/>\n\t<meta name=\"twitter:label2\" content=\"Gesch\u00e4tzte Lesezeit\" \/>\n\t<meta name=\"twitter:data2\" content=\"8\u00a0Minuten\" \/>\n<script type=\"application\/ld+json\" class=\"yoast-schema-graph\">{\"@context\":\"https:\\\/\\\/schema.org\",\"@graph\":[{\"@type\":\"Article\",\"@id\":\"https:\\\/\\\/fredericranft.de\\\/artikel\\\/daten-sind-gut-fuer-die-demokratie\\\/#article\",\"isPartOf\":{\"@id\":\"https:\\\/\\\/fredericranft.de\\\/artikel\\\/daten-sind-gut-fuer-die-demokratie\\\/\"},\"author\":{\"name\":\"Fr\u00e9d\u00e9ric Ranft\",\"@id\":\"https:\\\/\\\/fredericranft.de\\\/artikel\\\/#\\\/schema\\\/person\\\/b2e299552a9a0b0d267b2f949a027830\"},\"headline\":\"Daten sind gut f\u00fcr die Demokratie\",\"datePublished\":\"2018-04-02T16:15:10+00:00\",\"dateModified\":\"2020-10-29T19:27:01+00:00\",\"mainEntityOfPage\":{\"@id\":\"https:\\\/\\\/fredericranft.de\\\/artikel\\\/daten-sind-gut-fuer-die-demokratie\\\/\"},\"wordCount\":1556,\"commentCount\":0,\"publisher\":{\"@id\":\"https:\\\/\\\/fredericranft.de\\\/artikel\\\/#\\\/schema\\\/person\\\/b2e299552a9a0b0d267b2f949a027830\"},\"inLanguage\":\"de\",\"potentialAction\":[{\"@type\":\"CommentAction\",\"name\":\"Comment\",\"target\":[\"https:\\\/\\\/fredericranft.de\\\/artikel\\\/daten-sind-gut-fuer-die-demokratie\\\/#respond\"]}]},{\"@type\":\"WebPage\",\"@id\":\"https:\\\/\\\/fredericranft.de\\\/artikel\\\/daten-sind-gut-fuer-die-demokratie\\\/\",\"url\":\"https:\\\/\\\/fredericranft.de\\\/artikel\\\/daten-sind-gut-fuer-die-demokratie\\\/\",\"name\":\"Daten sind gut f\u00fcr die Demokratie &#187; Fr\u00e9d\u00e9ric Ranft\",\"isPartOf\":{\"@id\":\"https:\\\/\\\/fredericranft.de\\\/artikel\\\/#website\"},\"datePublished\":\"2018-04-02T16:15:10+00:00\",\"dateModified\":\"2020-10-29T19:27:01+00:00\",\"breadcrumb\":{\"@id\":\"https:\\\/\\\/fredericranft.de\\\/artikel\\\/daten-sind-gut-fuer-die-demokratie\\\/#breadcrumb\"},\"inLanguage\":\"de\",\"potentialAction\":[{\"@type\":\"ReadAction\",\"target\":[\"https:\\\/\\\/fredericranft.de\\\/artikel\\\/daten-sind-gut-fuer-die-demokratie\\\/\"]}]},{\"@type\":\"BreadcrumbList\",\"@id\":\"https:\\\/\\\/fredericranft.de\\\/artikel\\\/daten-sind-gut-fuer-die-demokratie\\\/#breadcrumb\",\"itemListElement\":[{\"@type\":\"ListItem\",\"position\":1,\"name\":\"Startseite\",\"item\":\"https:\\\/\\\/fredericranft.de\\\/artikel\\\/\"},{\"@type\":\"ListItem\",\"position\":2,\"name\":\"Daten sind gut f\u00fcr die Demokratie\"}]},{\"@type\":\"WebSite\",\"@id\":\"https:\\\/\\\/fredericranft.de\\\/artikel\\\/#website\",\"url\":\"https:\\\/\\\/fredericranft.de\\\/artikel\\\/\",\"name\":\"Fr\u00e9d\u00e9ric Ranft\",\"description\":\"Gestaltungsperspektiven\",\"publisher\":{\"@id\":\"https:\\\/\\\/fredericranft.de\\\/artikel\\\/#\\\/schema\\\/person\\\/b2e299552a9a0b0d267b2f949a027830\"},\"potentialAction\":[{\"@type\":\"SearchAction\",\"target\":{\"@type\":\"EntryPoint\",\"urlTemplate\":\"https:\\\/\\\/fredericranft.de\\\/artikel\\\/?s={search_term_string}\"},\"query-input\":{\"@type\":\"PropertyValueSpecification\",\"valueRequired\":true,\"valueName\":\"search_term_string\"}}],\"inLanguage\":\"de\"},{\"@type\":[\"Person\",\"Organization\"],\"@id\":\"https:\\\/\\\/fredericranft.de\\\/artikel\\\/#\\\/schema\\\/person\\\/b2e299552a9a0b0d267b2f949a027830\",\"name\":\"Fr\u00e9d\u00e9ric Ranft\",\"logo\":{\"@id\":\"https:\\\/\\\/fredericranft.de\\\/artikel\\\/#\\\/schema\\\/person\\\/image\\\/\"},\"description\":\"Ich gestalte Kommunikation.\",\"sameAs\":[\"https:\\\/\\\/fredericranft.de\\\/artikel\",\"https:\\\/\\\/www.facebook.com\\\/f.ranft\",\"https:\\\/\\\/www.instagram.com\\\/f_ranft\\\/\",\"https:\\\/\\\/www.linkedin.com\\\/in\\\/fr\u00e9d\u00e9ric-ranft-33596122\\\/\",\"https:\\\/\\\/x.com\\\/f_ranft\",\"https:\\\/\\\/soundcloud.com\\\/f_ranft\"],\"url\":\"https:\\\/\\\/fredericranft.de\\\/artikel\\\/author\\\/gestaltungsperspektive\\\/\"}]}<\/script>\n<!-- \/ Yoast SEO plugin. -->","yoast_head_json":{"title":"Daten sind gut f\u00fcr die Demokratie &#187; Fr\u00e9d\u00e9ric Ranft","robots":{"index":"index","follow":"follow","max-snippet":"max-snippet:-1","max-image-preview":"max-image-preview:large","max-video-preview":"max-video-preview:-1"},"canonical":"https:\/\/fredericranft.de\/artikel\/daten-sind-gut-fuer-die-demokratie\/","og_locale":"de_DE","og_type":"article","og_title":"Daten sind gut f\u00fcr die Demokratie &#187; Fr\u00e9d\u00e9ric Ranft","og_description":"Erst die Cambridge-Analytica Debatte und jetzt kommen noch die Meldungen zu den Daten der\u00a0Deutschen Post\u00a0hinzu. Es ist Zeit einmal die armen\u00a0Daten\u00a0in Schutz nehmen. Sie sind f\u00fcr die Demokratie wichtig \u2013 ohne Daten funktioniert nichts besser. Wir sollten der Politik mehr Daten geben Demokratie ist die Herrschaft des Volkes. In einer Demokratie soll die Politik umsetzen, [&hellip;]","og_url":"https:\/\/fredericranft.de\/artikel\/daten-sind-gut-fuer-die-demokratie\/","og_site_name":"Fr\u00e9d\u00e9ric Ranft","article_publisher":"https:\/\/www.facebook.com\/f.ranft","article_author":"https:\/\/www.facebook.com\/f.ranft","article_published_time":"2018-04-02T16:15:10+00:00","article_modified_time":"2020-10-29T19:27:01+00:00","og_image":[{"width":1920,"height":1000,"url":"https:\/\/fredericranft.de\/artikel\/wp-content\/uploads\/2020\/10\/fredericranft-gestaltungsperspektiven.png","type":"image\/png"}],"author":"Fr\u00e9d\u00e9ric Ranft","twitter_card":"summary_large_image","twitter_creator":"@f_ranft","twitter_site":"@f_ranft","twitter_misc":{"Verfasst von":"Fr\u00e9d\u00e9ric Ranft","Gesch\u00e4tzte Lesezeit":"8\u00a0Minuten"},"schema":{"@context":"https:\/\/schema.org","@graph":[{"@type":"Article","@id":"https:\/\/fredericranft.de\/artikel\/daten-sind-gut-fuer-die-demokratie\/#article","isPartOf":{"@id":"https:\/\/fredericranft.de\/artikel\/daten-sind-gut-fuer-die-demokratie\/"},"author":{"name":"Fr\u00e9d\u00e9ric Ranft","@id":"https:\/\/fredericranft.de\/artikel\/#\/schema\/person\/b2e299552a9a0b0d267b2f949a027830"},"headline":"Daten sind gut f\u00fcr die Demokratie","datePublished":"2018-04-02T16:15:10+00:00","dateModified":"2020-10-29T19:27:01+00:00","mainEntityOfPage":{"@id":"https:\/\/fredericranft.de\/artikel\/daten-sind-gut-fuer-die-demokratie\/"},"wordCount":1556,"commentCount":0,"publisher":{"@id":"https:\/\/fredericranft.de\/artikel\/#\/schema\/person\/b2e299552a9a0b0d267b2f949a027830"},"inLanguage":"de","potentialAction":[{"@type":"CommentAction","name":"Comment","target":["https:\/\/fredericranft.de\/artikel\/daten-sind-gut-fuer-die-demokratie\/#respond"]}]},{"@type":"WebPage","@id":"https:\/\/fredericranft.de\/artikel\/daten-sind-gut-fuer-die-demokratie\/","url":"https:\/\/fredericranft.de\/artikel\/daten-sind-gut-fuer-die-demokratie\/","name":"Daten sind gut f\u00fcr die Demokratie &#187; Fr\u00e9d\u00e9ric Ranft","isPartOf":{"@id":"https:\/\/fredericranft.de\/artikel\/#website"},"datePublished":"2018-04-02T16:15:10+00:00","dateModified":"2020-10-29T19:27:01+00:00","breadcrumb":{"@id":"https:\/\/fredericranft.de\/artikel\/daten-sind-gut-fuer-die-demokratie\/#breadcrumb"},"inLanguage":"de","potentialAction":[{"@type":"ReadAction","target":["https:\/\/fredericranft.de\/artikel\/daten-sind-gut-fuer-die-demokratie\/"]}]},{"@type":"BreadcrumbList","@id":"https:\/\/fredericranft.de\/artikel\/daten-sind-gut-fuer-die-demokratie\/#breadcrumb","itemListElement":[{"@type":"ListItem","position":1,"name":"Startseite","item":"https:\/\/fredericranft.de\/artikel\/"},{"@type":"ListItem","position":2,"name":"Daten sind gut f\u00fcr die Demokratie"}]},{"@type":"WebSite","@id":"https:\/\/fredericranft.de\/artikel\/#website","url":"https:\/\/fredericranft.de\/artikel\/","name":"Fr\u00e9d\u00e9ric Ranft","description":"Gestaltungsperspektiven","publisher":{"@id":"https:\/\/fredericranft.de\/artikel\/#\/schema\/person\/b2e299552a9a0b0d267b2f949a027830"},"potentialAction":[{"@type":"SearchAction","target":{"@type":"EntryPoint","urlTemplate":"https:\/\/fredericranft.de\/artikel\/?s={search_term_string}"},"query-input":{"@type":"PropertyValueSpecification","valueRequired":true,"valueName":"search_term_string"}}],"inLanguage":"de"},{"@type":["Person","Organization"],"@id":"https:\/\/fredericranft.de\/artikel\/#\/schema\/person\/b2e299552a9a0b0d267b2f949a027830","name":"Fr\u00e9d\u00e9ric Ranft","logo":{"@id":"https:\/\/fredericranft.de\/artikel\/#\/schema\/person\/image\/"},"description":"Ich gestalte Kommunikation.","sameAs":["https:\/\/fredericranft.de\/artikel","https:\/\/www.facebook.com\/f.ranft","https:\/\/www.instagram.com\/f_ranft\/","https:\/\/www.linkedin.com\/in\/fr\u00e9d\u00e9ric-ranft-33596122\/","https:\/\/x.com\/f_ranft","https:\/\/soundcloud.com\/f_ranft"],"url":"https:\/\/fredericranft.de\/artikel\/author\/gestaltungsperspektive\/"}]}},"_links":{"self":[{"href":"https:\/\/fredericranft.de\/artikel\/wp-json\/wp\/v2\/posts\/282","targetHints":{"allow":["GET"]}}],"collection":[{"href":"https:\/\/fredericranft.de\/artikel\/wp-json\/wp\/v2\/posts"}],"about":[{"href":"https:\/\/fredericranft.de\/artikel\/wp-json\/wp\/v2\/types\/post"}],"author":[{"embeddable":true,"href":"https:\/\/fredericranft.de\/artikel\/wp-json\/wp\/v2\/users\/1"}],"replies":[{"embeddable":true,"href":"https:\/\/fredericranft.de\/artikel\/wp-json\/wp\/v2\/comments?post=282"}],"version-history":[{"count":0,"href":"https:\/\/fredericranft.de\/artikel\/wp-json\/wp\/v2\/posts\/282\/revisions"}],"wp:attachment":[{"href":"https:\/\/fredericranft.de\/artikel\/wp-json\/wp\/v2\/media?parent=282"}],"wp:term":[{"taxonomy":"category","embeddable":true,"href":"https:\/\/fredericranft.de\/artikel\/wp-json\/wp\/v2\/categories?post=282"},{"taxonomy":"post_tag","embeddable":true,"href":"https:\/\/fredericranft.de\/artikel\/wp-json\/wp\/v2\/tags?post=282"}],"curies":[{"name":"wp","href":"https:\/\/api.w.org\/{rel}","templated":true}]}}