{"id":464,"date":"2020-12-20T14:39:55","date_gmt":"2020-12-20T13:39:55","guid":{"rendered":"https:\/\/fredericranft.de\/artikel\/?p=464"},"modified":"2022-02-15T15:36:22","modified_gmt":"2022-02-15T14:36:22","slug":"corona-covid-virus-impf-kampagnen-logo","status":"publish","type":"post","link":"https:\/\/fredericranft.de\/artikel\/corona-covid-virus-impf-kampagnen-logo\/","title":{"rendered":"Sammlung von Corona-Virus Impfkampagnen"},"content":{"rendered":"\n<h2 class=\"wp-block-heading\">Visuelles Archiv der Impfkampagnen<\/h2>\n\n\n\n<p>An dieser Stelle sammle ich Kommunikationskonzepte, die f\u00fcr die Impfung gegen das Coronavirus werben oder \u00fcber Covid-19 informieren. <a href=\"https:\/\/fredericranft.de\/artikel\/mit-design-visueller-kommunikation-impfen-gegen-corona\/\">Zur Situation in Deutschland habe ich mir hier eigene Gedanken gemacht und einen konkreten Vorschlag entworfen.<\/a><\/p>\n\n\n\n<p>\u00dcber Hinweise auf fehlende Kampagnen in den <a href=\"#respond\">Kommentaren<\/a>, auf <a href=\"https:\/\/twitter.com\/f_ranft\">twitter<\/a> oder per <a href=\"mailto:covid@gestaltungsperspektive.de\">E-Mail<\/a> w\u00fcrde ich mich freuen.<\/p>\n\n\n\n<h2 class=\"wp-block-heading\">Europa<\/h2>\n\n\n\n<h4 class=\"wp-block-heading\">European Commission<\/h4>\n\n\n\n<figure class=\"wp-block-image size-full is-resized\"><img loading=\"lazy\" decoding=\"async\" src=\"https:\/\/fredericranft.de\/artikel\/wp-content\/uploads\/2020\/12\/social-media-toolkit-vaccine-eu-commission.png\" alt=\"\" class=\"wp-image-535\" width=\"248\" height=\"350\" srcset=\"https:\/\/fredericranft.de\/artikel\/wp-content\/uploads\/2020\/12\/social-media-toolkit-vaccine-eu-commission.png 990w, https:\/\/fredericranft.de\/artikel\/wp-content\/uploads\/2020\/12\/social-media-toolkit-vaccine-eu-commission-509x720.png 509w, https:\/\/fredericranft.de\/artikel\/wp-content\/uploads\/2020\/12\/social-media-toolkit-vaccine-eu-commission-768x1086.png 768w\" sizes=\"auto, (max-width: 248px) 100vw, 248px\" \/><figcaption>Quelle: <a href=\"https:\/\/op.europa.eu\/en\/publication-detail\/-\/publication\/48f6c07f-1fe3-11eb-b57e-01aa75ed71a1\/language-en\/format-PDF\/source-170676486\">Social Media Toolkit der Europ\u00e4ischen Kommission<\/a><\/figcaption><\/figure>\n\n\n\n<blockquote class=\"wp-block-quote is-layout-flow wp-block-quote-is-layout-flow\"><p>The images you chose to accompany your messages are often just as important as the information inside. Try to avoid using imagery that is frightening, such as large ne edles, because this could sustain the notion that vaccines are something to feel anxious about. Instead try to use images that illustrate the protective power of vaccination.<\/p><cite>Quelle: <a href=\"https:\/\/op.europa.eu\/en\/publication-detail\/-\/publication\/48f6c07f-1fe3-11eb-b57e-01aa75ed71a1\/language-en\/format-PDF\/source-170676486\">Social Media Toolkit der Europ\u00e4ischen Kommission<\/a> <\/cite><\/blockquote>\n\n\n\n<figure class=\"wp-block-image size-large\"><img loading=\"lazy\" decoding=\"async\" width=\"1080\" height=\"1080\" src=\"https:\/\/fredericranft.de\/artikel\/wp-content\/uploads\/2020\/12\/131963506_192462719229269_3660591537027405961_n.jpg\" alt=\"Instagram post der europ\u00e4ischen Kommission: \u201eAll I want for Christmas: VOCID 19 Vaccine\u201c\" class=\"wp-image-509\" srcset=\"https:\/\/fredericranft.de\/artikel\/wp-content\/uploads\/2020\/12\/131963506_192462719229269_3660591537027405961_n.jpg 1080w, https:\/\/fredericranft.de\/artikel\/wp-content\/uploads\/2020\/12\/131963506_192462719229269_3660591537027405961_n-720x720.jpg 720w, https:\/\/fredericranft.de\/artikel\/wp-content\/uploads\/2020\/12\/131963506_192462719229269_3660591537027405961_n-360x360.jpg 360w, https:\/\/fredericranft.de\/artikel\/wp-content\/uploads\/2020\/12\/131963506_192462719229269_3660591537027405961_n-768x768.jpg 768w\" sizes=\"auto, (max-width: 1080px) 100vw, 1080px\" \/><figcaption>Quelle: <a href=\"https:\/\/www.instagram.com\/p\/CJEAmjHI6kc\/\">Instagram eruopeancommission<\/a><\/figcaption><\/figure>\n\n\n\n<hr class=\"wp-block-separator is-style-dots\"\/>\n\n\n\n<h2 class=\"wp-block-heading\">USA<\/h2>\n\n\n\n<h4 class=\"wp-block-heading\">Moderna<\/h4>\n\n\n\n<figure class=\"wp-block-image size-large\"><img loading=\"lazy\" decoding=\"async\" width=\"700\" height=\"471\" src=\"https:\/\/fredericranft.de\/artikel\/wp-content\/uploads\/2020\/12\/20201221lnp2-moderna.jpg\" alt=\"\" class=\"wp-image-527\"\/><figcaption>Verpackung des Moderna-Impfstoffes, Quelle: <a href=\"https:\/\/www.modernatx.com\/\">Moderna<\/a><\/figcaption><\/figure>\n\n\n\n<h4 class=\"wp-block-heading\">Biontech<\/h4>\n\n\n\n<figure class=\"wp-block-image size-large\"><img loading=\"lazy\" decoding=\"async\" width=\"1920\" height=\"668\" src=\"https:\/\/fredericranft.de\/artikel\/wp-content\/uploads\/2020\/12\/biontech-vaccine-visual-covid-1920x668.png\" alt=\"\" class=\"wp-image-552\" srcset=\"https:\/\/fredericranft.de\/artikel\/wp-content\/uploads\/2020\/12\/biontech-vaccine-visual-covid-1920x668.png 1920w, https:\/\/fredericranft.de\/artikel\/wp-content\/uploads\/2020\/12\/biontech-vaccine-visual-covid-720x250.png 720w, https:\/\/fredericranft.de\/artikel\/wp-content\/uploads\/2020\/12\/biontech-vaccine-visual-covid-768x267.png 768w, https:\/\/fredericranft.de\/artikel\/wp-content\/uploads\/2020\/12\/biontech-vaccine-visual-covid-1536x534.png 1536w, https:\/\/fredericranft.de\/artikel\/wp-content\/uploads\/2020\/12\/biontech-vaccine-visual-covid-2048x712.png 2048w, https:\/\/fredericranft.de\/artikel\/wp-content\/uploads\/2020\/12\/biontech-vaccine-visual-covid-1200x417.png 1200w, https:\/\/fredericranft.de\/artikel\/wp-content\/uploads\/2020\/12\/biontech-vaccine-visual-covid-1980x689.png 1980w\" sizes=\"auto, (max-width: 1920px) 100vw, 1920px\" \/><figcaption>Quelle: <a href=\"https:\/\/biontech.de\/covid-19\">Biontech<\/a><\/figcaption><\/figure>\n\n\n\n<p><\/p>\n\n\n\n<h4 class=\"wp-block-heading\">on\/go rapid covid test<\/h4>\n\n\n\n<figure class=\"wp-block-image size-full\"><img loading=\"lazy\" decoding=\"async\" width=\"1080\" height=\"1620\" src=\"https:\/\/fredericranft.de\/artikel\/wp-content\/uploads\/2022\/02\/61e8e9bf48ec5cebfae1c669_ongo-covid19-self-test-p-1080.jpeg\" alt=\"\" class=\"wp-image-721\" srcset=\"https:\/\/fredericranft.de\/artikel\/wp-content\/uploads\/2022\/02\/61e8e9bf48ec5cebfae1c669_ongo-covid19-self-test-p-1080.jpeg 1080w, https:\/\/fredericranft.de\/artikel\/wp-content\/uploads\/2022\/02\/61e8e9bf48ec5cebfae1c669_ongo-covid19-self-test-p-1080-480x720.jpeg 480w, https:\/\/fredericranft.de\/artikel\/wp-content\/uploads\/2022\/02\/61e8e9bf48ec5cebfae1c669_ongo-covid19-self-test-p-1080-768x1152.jpeg 768w, https:\/\/fredericranft.de\/artikel\/wp-content\/uploads\/2022\/02\/61e8e9bf48ec5cebfae1c669_ongo-covid19-self-test-p-1080-1024x1536.jpeg 1024w\" sizes=\"auto, (max-width: 1080px) 100vw, 1080px\" \/><figcaption><a href=\"https:\/\/eyeondesign.aiga.org\/how-elevated-should-a-covid-test-be\/\">aiga-Artikel<\/a> zum Verpackungsdesign<\/figcaption><\/figure>\n\n\n\n<h4 class=\"wp-block-heading\">Ad Council<\/h4>\n\n\n\n<blockquote class=\"wp-block-quote is-layout-flow wp-block-quote-is-layout-flow\"><p>Now the Ad Council is preparing to convince people that a coronavirus vaccine is safe. Only about 60% of American adults say they would get the vaccine, according to a recent survey by the Pew Research Center. That&#8217;s up from about 50% in September, well before vaccines were announced.<\/p><cite><a href=\"https:\/\/www.npr.org\/sections\/coronavirus-live-updates\/2020\/12\/04\/943151549\/and-now-for-an-important-message-convincing-you-to-get-the-coronavirus-vaccine?t=1608654547184\">Convincing You To Get The Coronavirus Vaccine \u2013 NPR<\/a><\/cite><\/blockquote>\n\n\n\n<h4 class=\"wp-block-heading\">Centers for Disease Control and Prevention<\/h4>\n\n\n\n<blockquote class=\"wp-block-quote is-layout-flow wp-block-quote-is-layout-flow\"><p>Wear a sticker saying you got the COVID-19 vaccine? The CDC thinks it could help. Public health experts want people to publicize their COVID-19 vaccination.<\/p><cite>Quelle: <a href=\"https:\/\/abcnews.go.com\/Politics\/wear-sticker-covid-19-vaccine-cdc-thinks\/\">ABC News<\/a><\/cite><\/blockquote>\n\n\n\n<figure class=\"wp-block-image size-full is-resized\"><img loading=\"lazy\" decoding=\"async\" src=\"https:\/\/fredericranft.de\/artikel\/wp-content\/uploads\/2020\/12\/cdc-stickers-ht-jc-201214_1607964740752_hpEmbed_1x1_992.jpg\" alt=\"Logo der Vaccine-Kampagne des Centers for Disease Control and Prevention CDC\" class=\"wp-image-465\" width=\"496\" height=\"496\" srcset=\"https:\/\/fredericranft.de\/artikel\/wp-content\/uploads\/2020\/12\/cdc-stickers-ht-jc-201214_1607964740752_hpEmbed_1x1_992.jpg 992w, https:\/\/fredericranft.de\/artikel\/wp-content\/uploads\/2020\/12\/cdc-stickers-ht-jc-201214_1607964740752_hpEmbed_1x1_992-720x720.jpg 720w, https:\/\/fredericranft.de\/artikel\/wp-content\/uploads\/2020\/12\/cdc-stickers-ht-jc-201214_1607964740752_hpEmbed_1x1_992-360x360.jpg 360w, https:\/\/fredericranft.de\/artikel\/wp-content\/uploads\/2020\/12\/cdc-stickers-ht-jc-201214_1607964740752_hpEmbed_1x1_992-768x768.jpg 768w\" sizes=\"auto, (max-width: 496px) 100vw, 496px\" \/><figcaption>Ansteck-Buttons \u2013 Quelle: <a href=\"https:\/\/abcnews.go.com\/Politics\/wear-sticker-covid-19-vaccine-cdc-thinks\/\">ABC News<\/a><\/figcaption><\/figure>\n\n\n\n<figure class=\"wp-block-image size-full is-resized\"><img loading=\"lazy\" decoding=\"async\" src=\"https:\/\/fredericranft.de\/artikel\/wp-content\/uploads\/2020\/12\/il_1588xN.2796425311_dxbh.jpg\" alt=\"\" class=\"wp-image-568\" width=\"397\" height=\"397\" srcset=\"https:\/\/fredericranft.de\/artikel\/wp-content\/uploads\/2020\/12\/il_1588xN.2796425311_dxbh.jpg 1588w, https:\/\/fredericranft.de\/artikel\/wp-content\/uploads\/2020\/12\/il_1588xN.2796425311_dxbh-720x720.jpg 720w, https:\/\/fredericranft.de\/artikel\/wp-content\/uploads\/2020\/12\/il_1588xN.2796425311_dxbh-360x360.jpg 360w, https:\/\/fredericranft.de\/artikel\/wp-content\/uploads\/2020\/12\/il_1588xN.2796425311_dxbh-768x768.jpg 768w, https:\/\/fredericranft.de\/artikel\/wp-content\/uploads\/2020\/12\/il_1588xN.2796425311_dxbh-1536x1536.jpg 1536w, https:\/\/fredericranft.de\/artikel\/wp-content\/uploads\/2020\/12\/il_1588xN.2796425311_dxbh-1200x1200.jpg 1200w\" sizes=\"auto, (max-width: 397px) 100vw, 397px\" \/><figcaption>CDC Entwurf als Aufkleber \u2013 Quelle: <a href=\"https:\/\/www.etsy.com\/de\/listing\/929143563\/stolz-covid-19-geimpfte-aufkleber-covid?ga_order=most_relevant&amp;ga_search_type=all&amp;ga_view_type=gallery&amp;ga_search_query=vaccination+sticker&amp;ref=sr_gallery-1-29\">Etsy<\/a><\/figcaption><\/figure>\n\n\n\n<blockquote class=\"wp-block-quote is-layout-flow wp-block-quote-is-layout-flow\"><p>You should receive a vaccination card or printout that tells you what COVID-19 vaccine you received, the date you received it, and where you received it.<\/p><\/blockquote>\n\n\n\n<figure class=\"wp-block-image size-full is-resized\"><img loading=\"lazy\" decoding=\"async\" src=\"https:\/\/fredericranft.de\/artikel\/wp-content\/uploads\/2020\/12\/VaccineCard.jpg\" alt=\"\" class=\"wp-image-514\" width=\"500\" height=\"333\" srcset=\"https:\/\/fredericranft.de\/artikel\/wp-content\/uploads\/2020\/12\/VaccineCard.jpg 1000w, https:\/\/fredericranft.de\/artikel\/wp-content\/uploads\/2020\/12\/VaccineCard-720x480.jpg 720w, https:\/\/fredericranft.de\/artikel\/wp-content\/uploads\/2020\/12\/VaccineCard-768x511.jpg 768w\" sizes=\"auto, (max-width: 500px) 100vw, 500px\" \/><figcaption>Erinnerungskarten der CDC \u2013 Quelle: <a href=\"https:\/\/www.cdc.gov\/coronavirus\/2019-ncov\/vaccines\/expect.html\">CDC Webseite \u201eWhat to Expect at Your Appointment\u201c<\/a><\/figcaption><\/figure>\n\n\n\n<blockquote class=\"wp-block-quote is-layout-flow wp-block-quote-is-layout-flow\"><p>V-safe is a smartphone-based tool that uses text messaging and web surveys to provide personalized health check-ins after you receive a COVID-19 vaccination.<\/p><\/blockquote>\n\n\n\n<figure class=\"wp-block-image size-full is-resized\"><img loading=\"lazy\" decoding=\"async\" src=\"https:\/\/fredericranft.de\/artikel\/wp-content\/uploads\/2020\/12\/v-safe-web-header-01-alt@2x-large.png\" alt=\"\" class=\"wp-image-519\" width=\"593\" height=\"116\" srcset=\"https:\/\/fredericranft.de\/artikel\/wp-content\/uploads\/2020\/12\/v-safe-web-header-01-alt@2x-large.png 1185w, https:\/\/fredericranft.de\/artikel\/wp-content\/uploads\/2020\/12\/v-safe-web-header-01-alt@2x-large-720x140.png 720w, https:\/\/fredericranft.de\/artikel\/wp-content\/uploads\/2020\/12\/v-safe-web-header-01-alt@2x-large-768x150.png 768w\" sizes=\"auto, (max-width: 593px) 100vw, 593px\" \/><figcaption>Werbebanner der v-safe smartphone-app des CDC \u2013 Quelle: CDC<\/figcaption><\/figure>\n\n\n\n<h4 class=\"wp-block-heading\">Beaumont Health<\/h4>\n\n\n\n<figure class=\"wp-block-image size-large is-resized\"><img loading=\"lazy\" decoding=\"async\" src=\"https:\/\/fredericranft.de\/artikel\/wp-content\/uploads\/2020\/12\/130601648_732234480756434_6458390310495636487_n.jpg\" alt=\"Beaumont Health Social Media Vaccination Campaign\" class=\"wp-image-554\" width=\"540\" height=\"540\" srcset=\"https:\/\/fredericranft.de\/artikel\/wp-content\/uploads\/2020\/12\/130601648_732234480756434_6458390310495636487_n.jpg 1080w, https:\/\/fredericranft.de\/artikel\/wp-content\/uploads\/2020\/12\/130601648_732234480756434_6458390310495636487_n-720x720.jpg 720w, https:\/\/fredericranft.de\/artikel\/wp-content\/uploads\/2020\/12\/130601648_732234480756434_6458390310495636487_n-360x360.jpg 360w, https:\/\/fredericranft.de\/artikel\/wp-content\/uploads\/2020\/12\/130601648_732234480756434_6458390310495636487_n-768x768.jpg 768w\" sizes=\"auto, (max-width: 540px) 100vw, 540px\" \/><figcaption>Social Media Kampagne \u2013 Quelle: <a href=\"https:\/\/www.instagram.com\/p\/CI1wyuWjRRb\/\">Beaumont auf Instagram<\/a><\/figcaption><\/figure>\n\n\n\n<figure class=\"wp-block-image size-medium is-resized\"><img loading=\"lazy\" decoding=\"async\" src=\"https:\/\/fredericranft.de\/artikel\/wp-content\/uploads\/2020\/12\/beaumont-badge-sticker-vaccinated-720x405.png\" alt=\"Beaumont Health Vaccinated Sticker\" class=\"wp-image-556\" width=\"360\" height=\"203\" srcset=\"https:\/\/fredericranft.de\/artikel\/wp-content\/uploads\/2020\/12\/beaumont-badge-sticker-vaccinated-720x405.png 720w, https:\/\/fredericranft.de\/artikel\/wp-content\/uploads\/2020\/12\/beaumont-badge-sticker-vaccinated-1920x1081.png 1920w, https:\/\/fredericranft.de\/artikel\/wp-content\/uploads\/2020\/12\/beaumont-badge-sticker-vaccinated-768x432.png 768w, https:\/\/fredericranft.de\/artikel\/wp-content\/uploads\/2020\/12\/beaumont-badge-sticker-vaccinated-1536x865.png 1536w, https:\/\/fredericranft.de\/artikel\/wp-content\/uploads\/2020\/12\/beaumont-badge-sticker-vaccinated-2048x1153.png 2048w, https:\/\/fredericranft.de\/artikel\/wp-content\/uploads\/2020\/12\/beaumont-badge-sticker-vaccinated-1200x675.png 1200w, https:\/\/fredericranft.de\/artikel\/wp-content\/uploads\/2020\/12\/beaumont-badge-sticker-vaccinated-1980x1115.png 1980w\" sizes=\"auto, (max-width: 360px) 100vw, 360px\" \/><figcaption>Vaccinated Badge \u2013 Quelle: <a href=\"https:\/\/t.co\/Gx3m5d5qeQ?amp=1\">Beaumont auf Youtube<\/a>, weitere <a href=\"https:\/\/abcnews.go.com\/Health\/pregnant-allergies-immunocompromised-eligible-covid-19-vaccine\/story?id=74722712\">Nahaufnahme<\/a> (ABC)<\/figcaption><\/figure>\n\n\n\n<h4 class=\"wp-block-heading\">Northwell Health<\/h4>\n\n\n\n<figure class=\"wp-block-image size-full is-resized\"><img loading=\"lazy\" decoding=\"async\" src=\"https:\/\/fredericranft.de\/artikel\/wp-content\/uploads\/2020\/12\/northwell-health-covid-19-corona-sticker-vaccinated.jpg\" alt=\"Crushing Covid-19 Sticker \u201eGot my vaccine\u201c by Northwell Health\" class=\"wp-image-558\" width=\"390\" height=\"219\" srcset=\"https:\/\/fredericranft.de\/artikel\/wp-content\/uploads\/2020\/12\/northwell-health-covid-19-corona-sticker-vaccinated.jpg 780w, https:\/\/fredericranft.de\/artikel\/wp-content\/uploads\/2020\/12\/northwell-health-covid-19-corona-sticker-vaccinated-720x404.jpg 720w, https:\/\/fredericranft.de\/artikel\/wp-content\/uploads\/2020\/12\/northwell-health-covid-19-corona-sticker-vaccinated-768x431.jpg 768w\" sizes=\"auto, (max-width: 390px) 100vw, 390px\" \/><figcaption>Vaccinated Sticker \u2013 Quelle: <a href=\"https:\/\/edition.cnn.com\/2020\/12\/15\/us\/covid-vaccine-stickers-trnd\/index.html\">Northwell Health via CNN<\/a><\/figcaption><\/figure>\n\n\n\n<h4 class=\"wp-block-heading\">Healthvana<\/h4>\n\n\n\n<blockquote class=\"wp-block-quote is-layout-flow wp-block-quote-is-layout-flow\"><p>A digital record of your COVID-19 vaccination plus 2nd dose reminders and an integration with Apple\/Google Wallet.<\/p><\/blockquote>\n\n\n\n<figure class=\"wp-block-image size-large\"><img loading=\"lazy\" decoding=\"async\" width=\"556\" height=\"490\" src=\"https:\/\/fredericranft.de\/artikel\/wp-content\/uploads\/2020\/12\/digital-vaccination-system.png\" alt=\"\" class=\"wp-image-572\"\/><figcaption>Covid-19 \u201eDigital Vaccination Record\u201c \u2013 Quelle: <a href=\"https:\/\/healthvana.com\/digital-vaccination-records\/\">Healthvana<\/a><\/figcaption><\/figure>\n\n\n\n<h4 class=\"wp-block-heading\">IU Bloomington<\/h4>\n\n\n\n<figure class=\"wp-block-image size-large\"><img loading=\"lazy\" decoding=\"async\" width=\"428\" height=\"400\" src=\"https:\/\/fredericranft.de\/artikel\/wp-content\/uploads\/2021\/04\/IUSTRONG.jpeg\" alt=\"\" class=\"wp-image-671\"\/><figcaption>Quelle: <a href=\"https:\/\/twitter.com\/cmatthes_econ\/status\/1379155928105238528\/photo\/1\">@cmatthes_econ<\/a><\/figcaption><\/figure>\n\n\n\n<h4 class=\"wp-block-heading\">Alexandria Ocasio-Cortez<\/h4>\n\n\n\n<figure class=\"wp-block-image size-full is-resized\"><img loading=\"lazy\" decoding=\"async\" src=\"https:\/\/fredericranft.de\/artikel\/wp-content\/uploads\/2020\/12\/EplwEuzXEAEP1d_.jpeg\" alt=\"Alexandria Ocasio-Cortez Instagram Story zur Impfung gegen Covid\" class=\"wp-image-497\" width=\"375\" height=\"667\" srcset=\"https:\/\/fredericranft.de\/artikel\/wp-content\/uploads\/2020\/12\/EplwEuzXEAEP1d_.jpeg 750w, https:\/\/fredericranft.de\/artikel\/wp-content\/uploads\/2020\/12\/EplwEuzXEAEP1d_-405x720.jpeg 405w\" sizes=\"auto, (max-width: 375px) 100vw, 375px\" \/><figcaption>Quelle und weitere Bilder: <a href=\"https:\/\/twitter.com\/AnneKaring\/status\/1340227187291656193\">Anne Karing<\/a><\/figcaption><\/figure>\n\n\n\n<h4 class=\"wp-block-heading\">New York Presbyterian<\/h4>\n\n\n\n<figure class=\"wp-block-image size-large\"><img loading=\"lazy\" decoding=\"async\" width=\"654\" height=\"773\" src=\"https:\/\/fredericranft.de\/artikel\/wp-content\/uploads\/2020\/12\/EpY2md2XYAcSUZw.jpeg\" alt=\"\" class=\"wp-image-501\" srcset=\"https:\/\/fredericranft.de\/artikel\/wp-content\/uploads\/2020\/12\/EpY2md2XYAcSUZw.jpeg 654w, https:\/\/fredericranft.de\/artikel\/wp-content\/uploads\/2020\/12\/EpY2md2XYAcSUZw-609x720.jpeg 609w\" sizes=\"auto, (max-width: 654px) 100vw, 654px\" \/><figcaption>Quelle: <a href=\"https:\/\/twitter.com\/AnneKaring\/status\/1339319470834249728\">Anne Karing via NYTimes.com<\/a><\/figcaption><\/figure>\n\n\n\n<h4 class=\"wp-block-heading\">Private Initiativen<\/h4>\n\n\n\n<figure class=\"wp-block-image size-large\"><img loading=\"lazy\" decoding=\"async\" width=\"1024\" height=\"647\" src=\"https:\/\/fredericranft.de\/artikel\/wp-content\/uploads\/2020\/12\/coronavirus-bacteria-concept-with-vaccination-campaign-text.jpeg\" alt=\"\" class=\"wp-image-521\" srcset=\"https:\/\/fredericranft.de\/artikel\/wp-content\/uploads\/2020\/12\/coronavirus-bacteria-concept-with-vaccination-campaign-text.jpeg 1024w, https:\/\/fredericranft.de\/artikel\/wp-content\/uploads\/2020\/12\/coronavirus-bacteria-concept-with-vaccination-campaign-text-720x455.jpeg 720w, https:\/\/fredericranft.de\/artikel\/wp-content\/uploads\/2020\/12\/coronavirus-bacteria-concept-with-vaccination-campaign-text-768x485.jpeg 768w\" sizes=\"auto, (max-width: 1024px) 100vw, 1024px\" \/><figcaption>Visualisierung des amerikanischen Fotografen Marco Verch \u2013 Quelle: <a href=\"https:\/\/foto.wuestenigel.com\/coronavirus-bacteria-concept-with-vaccination-campaign-text\/\" target=\"_blank\" rel=\"noreferrer noopener\">Coronavirus Bacteria concept with Vaccination Campaign text<\/a> by <a href=\"https:\/\/linktr.ee\/wuestenigel\" target=\"_blank\" rel=\"noreferrer noopener\">Marco Verch<\/a> under <a href=\"https:\/\/creativecommons.org\/licenses\/by\/2.0\/\" target=\"_blank\" rel=\"noreferrer noopener\">Creative Commons 2.0<\/a><\/figcaption><\/figure>\n\n\n\n<hr class=\"wp-block-separator is-style-dots\"\/>\n\n\n\n<h2 class=\"wp-block-heading\">Australien<\/h2>\n\n\n\n<figure class=\"wp-block-image size-large\"><img loading=\"lazy\" decoding=\"async\" width=\"740\" height=\"318\" src=\"https:\/\/fredericranft.de\/artikel\/wp-content\/uploads\/2021\/04\/Bildschirmfoto-2021-04-06-um-10.27.13.png\" alt=\"\" class=\"wp-image-674\" srcset=\"https:\/\/fredericranft.de\/artikel\/wp-content\/uploads\/2021\/04\/Bildschirmfoto-2021-04-06-um-10.27.13.png 740w, https:\/\/fredericranft.de\/artikel\/wp-content\/uploads\/2021\/04\/Bildschirmfoto-2021-04-06-um-10.27.13-720x309.png 720w\" sizes=\"auto, (max-width: 740px) 100vw, 740px\" \/><figcaption>Quelle: <a href=\"https:\/\/www.health.gov.au\/initiatives-and-programs\/covid-19-vaccines\/coronavirus-covid-19-vaccines-campaign-materials\">Australien Government Department of Health <\/a><\/figcaption><\/figure>\n\n\n\n<h2 class=\"wp-block-heading\">Frankreich<\/h2>\n\n\n\n<h4 class=\"wp-block-heading\">Soci\u00e9t\u00e9 nationale des chemins de fer fran\u00e7ais (SNCF)<\/h4>\n\n\n\n<figure class=\"wp-block-image size-large\"><img loading=\"lazy\" decoding=\"async\" width=\"1920\" height=\"590\" src=\"https:\/\/fredericranft.de\/artikel\/wp-content\/uploads\/2020\/12\/depistage-covid-gare-de-lyonrmh-1920x590.jpg\" alt=\"\" class=\"wp-image-548\" srcset=\"https:\/\/fredericranft.de\/artikel\/wp-content\/uploads\/2020\/12\/depistage-covid-gare-de-lyonrmh-1920x590.jpg 1920w, https:\/\/fredericranft.de\/artikel\/wp-content\/uploads\/2020\/12\/depistage-covid-gare-de-lyonrmh-720x221.jpg 720w, https:\/\/fredericranft.de\/artikel\/wp-content\/uploads\/2020\/12\/depistage-covid-gare-de-lyonrmh-768x236.jpg 768w, https:\/\/fredericranft.de\/artikel\/wp-content\/uploads\/2020\/12\/depistage-covid-gare-de-lyonrmh-1536x472.jpg 1536w, https:\/\/fredericranft.de\/artikel\/wp-content\/uploads\/2020\/12\/depistage-covid-gare-de-lyonrmh-1200x369.jpg 1200w, https:\/\/fredericranft.de\/artikel\/wp-content\/uploads\/2020\/12\/depistage-covid-gare-de-lyonrmh-1980x609.jpg 1980w, https:\/\/fredericranft.de\/artikel\/wp-content\/uploads\/2020\/12\/depistage-covid-gare-de-lyonrmh.jpg 1997w\" sizes=\"auto, (max-width: 1920px) 100vw, 1920px\" \/><figcaption>Impfstationen an Pariser Bahnh\u00f6fen \u2013 Quelle: <a href=\"https:\/\/www.sncf.com\/fr\/nos-engagements\/covid-19-des-boxes-de-depistage-dans-cinq-gares\">SNCF<\/a><\/figcaption><\/figure>\n\n\n\n<h2 class=\"wp-block-heading\">Bahrain <\/h2>\n\n\n\n<h4 class=\"wp-block-heading\">Bahrain Ministry of Health<\/h4>\n\n\n\n<figure class=\"wp-block-image size-large\"><img loading=\"lazy\" decoding=\"async\" width=\"600\" height=\"367\" src=\"https:\/\/fredericranft.de\/artikel\/wp-content\/uploads\/2020\/12\/1714217.jpeg\" alt=\"\" class=\"wp-image-544\"\/><figcaption>Werbeaufsteller im Impfzentrum von Manama\u2013 Quelle: <a href=\"https:\/\/saudigazette.com.sa\/article\/601538\/World\/Mena\/Remarkable-turnout-for-COVID-19-vaccine-Bahrains-health-ministry\">saudigazette.com<\/a><\/figcaption><\/figure>\n\n\n\n<h2 class=\"wp-block-heading\">Italien<\/h2>\n\n\n\n<h4 class=\"wp-block-heading\">Italian Special Commissioner for the Covid-19 emergency<\/h4>\n\n\n\n<blockquote class=\"wp-block-quote is-layout-flow wp-block-quote-is-layout-flow\"><p>The architect Stefano Boeri \u2013 together with a team of consultants and free of charge \u2013 has conceived and developed the<strong> architectural and communicative concept<\/strong> behind the anti-Covid-19 vaccination campaign.<\/p><cite>Quelle: <a href=\"https:\/\/www.youtube.com\/watch?v=v-beRAC5Xks\">Stefano Boeri Architetti<\/a><\/cite><\/blockquote>\n\n\n\n<figure class=\"wp-block-image size-large\"><img loading=\"lazy\" decoding=\"async\" width=\"1920\" height=\"903\" src=\"https:\/\/fredericranft.de\/artikel\/wp-content\/uploads\/2020\/12\/stefano-boeri-covid-19-vaccination-campaign-news_dezeen_2364_col_9-1920x903.jpg\" alt=\"Entwurf des Architekten Stefano Boeri Architetti f\u00fcr ein Pro-Impf-Logo in Italien.\" class=\"wp-image-477\" srcset=\"https:\/\/fredericranft.de\/artikel\/wp-content\/uploads\/2020\/12\/stefano-boeri-covid-19-vaccination-campaign-news_dezeen_2364_col_9-1920x903.jpg 1920w, https:\/\/fredericranft.de\/artikel\/wp-content\/uploads\/2020\/12\/stefano-boeri-covid-19-vaccination-campaign-news_dezeen_2364_col_9-720x339.jpg 720w, https:\/\/fredericranft.de\/artikel\/wp-content\/uploads\/2020\/12\/stefano-boeri-covid-19-vaccination-campaign-news_dezeen_2364_col_9-768x361.jpg 768w, https:\/\/fredericranft.de\/artikel\/wp-content\/uploads\/2020\/12\/stefano-boeri-covid-19-vaccination-campaign-news_dezeen_2364_col_9-1536x723.jpg 1536w, https:\/\/fredericranft.de\/artikel\/wp-content\/uploads\/2020\/12\/stefano-boeri-covid-19-vaccination-campaign-news_dezeen_2364_col_9-2048x963.jpg 2048w, https:\/\/fredericranft.de\/artikel\/wp-content\/uploads\/2020\/12\/stefano-boeri-covid-19-vaccination-campaign-news_dezeen_2364_col_9-1200x564.jpg 1200w, https:\/\/fredericranft.de\/artikel\/wp-content\/uploads\/2020\/12\/stefano-boeri-covid-19-vaccination-campaign-news_dezeen_2364_col_9-1980x931.jpg 1980w\" sizes=\"auto, (max-width: 1920px) 100vw, 1920px\" \/><figcaption>Quelle: <a href=\"https:\/\/www.youtube.com\/watch?v=v-beRAC5Xks\">Stefano Boeri Architetti<\/a>, <a href=\"https:\/\/www.dezeen.com\/2020\/12\/14\/stefano-boeri-vaccination-pavilion-italy-coronavirus\/\">Artikel mit weiteren Bildern auf Dezeen.com<\/a><\/figcaption><\/figure>\n\n\n\n<hr class=\"wp-block-separator is-style-dots\"\/>\n\n\n\n<h2 class=\"wp-block-heading\">Gro\u00dfbritannien<\/h2>\n\n\n\n<h4 class=\"wp-block-heading\">National Health Service (NHS)<\/h4>\n\n\n\n<blockquote class=\"wp-block-quote is-layout-flow wp-block-quote-is-layout-flow\"><p>Images have been released of a credit card-sized document that will be given to recipients of the COVID-19 vaccine in the U.K., recording the specifics of the medication and reminding them to receive a second dose of the jab.<\/p><cite>Quelle: <a href=\"https:\/\/www.ctvnews.ca\/health\/this-is-what-the-u-k-s-covid-19-vaccination-cards-will-look-like-1.5219959\">CTVNews.ca<\/a><\/cite><\/blockquote>\n\n\n\n<figure class=\"wp-block-image size-full is-resized\"><img loading=\"lazy\" decoding=\"async\" src=\"https:\/\/fredericranft.de\/artikel\/wp-content\/uploads\/2020\/12\/NHS-Vaccination-Reminder-Impfung-zweiter-Termin.png\" alt=\"NHS Erinnerungskarte zur Covid-Impfung: \u201eDon't forget your COVID-19 vaccination\u201c\" class=\"wp-image-484\" width=\"381\" height=\"242\" srcset=\"https:\/\/fredericranft.de\/artikel\/wp-content\/uploads\/2020\/12\/NHS-Vaccination-Reminder-Impfung-zweiter-Termin.png 762w, https:\/\/fredericranft.de\/artikel\/wp-content\/uploads\/2020\/12\/NHS-Vaccination-Reminder-Impfung-zweiter-Termin-720x457.png 720w\" sizes=\"auto, (max-width: 381px) 100vw, 381px\" \/><figcaption>Quelle: <a href=\"https:\/\/www.croydonhealthservices.nhs.uk\/download.cfm?doc=docm93jijm4n5064.pdf&amp;ver=6952\">Faltblatt des <strong>National Health Service<\/strong> \u2013 NHS<\/a><\/figcaption><\/figure>\n\n\n\n<hr class=\"wp-block-separator is-style-dots\"\/>\n\n\n\n<h2 class=\"wp-block-heading\">Deutschland<\/h2>\n\n\n\n<h4 class=\"wp-block-heading\">Bundesregierung, Gesundheitsministerium, RKI, BZgA<\/h4>\n\n\n\n<figure class=\"wp-block-image size-full is-resized\"><img loading=\"lazy\" decoding=\"async\" src=\"https:\/\/fredericranft.de\/artikel\/wp-content\/uploads\/2020\/12\/gesundheitsministerium-deutschland-krempelt-die-aermel-hoch-corona-schutzimpfung-plakat-kampagne.jpg\" alt=\"\" class=\"wp-image-539\" width=\"400\" height=\"566\" srcset=\"https:\/\/fredericranft.de\/artikel\/wp-content\/uploads\/2020\/12\/gesundheitsministerium-deutschland-krempelt-die-aermel-hoch-corona-schutzimpfung-plakat-kampagne.jpg 1600w, https:\/\/fredericranft.de\/artikel\/wp-content\/uploads\/2020\/12\/gesundheitsministerium-deutschland-krempelt-die-aermel-hoch-corona-schutzimpfung-plakat-kampagne-509x720.jpg 509w, https:\/\/fredericranft.de\/artikel\/wp-content\/uploads\/2020\/12\/gesundheitsministerium-deutschland-krempelt-die-aermel-hoch-corona-schutzimpfung-plakat-kampagne-1356x1920.jpg 1356w, https:\/\/fredericranft.de\/artikel\/wp-content\/uploads\/2020\/12\/gesundheitsministerium-deutschland-krempelt-die-aermel-hoch-corona-schutzimpfung-plakat-kampagne-768x1087.jpg 768w, https:\/\/fredericranft.de\/artikel\/wp-content\/uploads\/2020\/12\/gesundheitsministerium-deutschland-krempelt-die-aermel-hoch-corona-schutzimpfung-plakat-kampagne-1085x1536.jpg 1085w, https:\/\/fredericranft.de\/artikel\/wp-content\/uploads\/2020\/12\/gesundheitsministerium-deutschland-krempelt-die-aermel-hoch-corona-schutzimpfung-plakat-kampagne-1447x2048.jpg 1447w, https:\/\/fredericranft.de\/artikel\/wp-content\/uploads\/2020\/12\/gesundheitsministerium-deutschland-krempelt-die-aermel-hoch-corona-schutzimpfung-plakat-kampagne-1200x1699.jpg 1200w\" sizes=\"auto, (max-width: 400px) 100vw, 400px\" \/><figcaption>Plakat der offiziellen Impf-Kampagne <em>#\u00e4rmelhoch<\/em> der Deutschen Bundesregierung \u2013 Quelle: <a href=\"https:\/\/www.bundesgesundheitsministerium.de\">Bundesgesundheitsministerium<\/a><\/figcaption><\/figure>\n\n\n\n<h4 class=\"wp-block-heading\">Private Initiativen<\/h4>\n\n\n\n<figure class=\"wp-block-image size-full is-resized\"><a href=\"https:\/\/www.kristinkossi.com\/portfolio\/nr-19-chanel-eau-de-vaccine-pink\/\"><img loading=\"lazy\" decoding=\"async\" src=\"https:\/\/fredericranft.de\/artikel\/wp-content\/uploads\/2020\/12\/Nr.-19-Chanel-Eau-de-Vacine-pink-600-kristin-kossi-corona-covid-art.jpg\" alt=\"\" class=\"wp-image-530\" width=\"300\" height=\"296\"\/><\/a><figcaption>Nr. 19 Chanel Eau de Vaccine pink \u2013 <a href=\"https:\/\/www.kristinkossi.com\/portfolio\/nr-19-chanel-eau-de-vaccine-pink\/\">Quelle: Kristin Kossi<\/a><\/figcaption><\/figure>\n\n\n\n<figure class=\"wp-block-image size-full is-resized\"><img loading=\"lazy\" decoding=\"async\" src=\"https:\/\/fredericranft.de\/artikel\/wp-content\/uploads\/2020\/12\/sharepic-fb-deutschland.jpg\" alt=\"Facebook Sharepic mit dem Text \u201eDiese person wird sich impfen lassen. Diese hier \u00fcbrigens auch.\u201c\" class=\"wp-image-471\" width=\"281\" height=\"404\" srcset=\"https:\/\/fredericranft.de\/artikel\/wp-content\/uploads\/2020\/12\/sharepic-fb-deutschland.jpg 1125w, https:\/\/fredericranft.de\/artikel\/wp-content\/uploads\/2020\/12\/sharepic-fb-deutschland-502x720.jpg 502w, https:\/\/fredericranft.de\/artikel\/wp-content\/uploads\/2020\/12\/sharepic-fb-deutschland-768x1103.jpg 768w, https:\/\/fredericranft.de\/artikel\/wp-content\/uploads\/2020\/12\/sharepic-fb-deutschland-1070x1536.jpg 1070w\" sizes=\"auto, (max-width: 281px) 100vw, 281px\" \/><figcaption>Sharepic aus dem Dezember 2020, Autor unbekannt<\/figcaption><\/figure>\n\n\n\n<figure class=\"wp-block-image size-large\"><img loading=\"lazy\" decoding=\"async\" width=\"480\" height=\"480\" src=\"https:\/\/fredericranft.de\/artikel\/wp-content\/uploads\/2020\/12\/125258456_409400097091449_4717411637183631288_n.png\" alt=\"Abbildung eines Facebook Frames mit dem Text \u201eImpfen? Ja klar!\u201c\" class=\"wp-image-475\" srcset=\"https:\/\/fredericranft.de\/artikel\/wp-content\/uploads\/2020\/12\/125258456_409400097091449_4717411637183631288_n.png 480w, https:\/\/fredericranft.de\/artikel\/wp-content\/uploads\/2020\/12\/125258456_409400097091449_4717411637183631288_n-360x360.png 360w\" sizes=\"auto, (max-width: 480px) 100vw, 480px\" \/><figcaption>Facebook Frame von <a href=\"https:\/\/www.facebook.com\/hubert.klimentfeuerberg?__cft__[0]=AZViBBNmwsACy98S8I46EjOe6iJQnAsY3aejGgGR_sQXOlARokt8SLkqrvUri_iOyHBypAE7YfYyObEUHwRtscXFa4jHQ3EfvjYTwoPtOL5yzd8S-S9t0tvCFAlWj8GAonPKkoOJL0jPVKSToxBlovVQ&amp;__tn__=-]~H-R\">Hubert Kliment-Feuerberg<\/a><\/figcaption><\/figure>\n\n\n\n<h2 class=\"wp-block-heading\">Etsy Produkte<\/h2>\n\n\n\n<figure class=\"wp-block-image size-full is-resized\"><img loading=\"lazy\" decoding=\"async\" src=\"https:\/\/fredericranft.de\/artikel\/wp-content\/uploads\/2020\/12\/il_1588xN.2788989303_c5nd.jpg\" alt=\"\" class=\"wp-image-565\" width=\"397\" height=\"397\" srcset=\"https:\/\/fredericranft.de\/artikel\/wp-content\/uploads\/2020\/12\/il_1588xN.2788989303_c5nd.jpg 1588w, https:\/\/fredericranft.de\/artikel\/wp-content\/uploads\/2020\/12\/il_1588xN.2788989303_c5nd-720x720.jpg 720w, https:\/\/fredericranft.de\/artikel\/wp-content\/uploads\/2020\/12\/il_1588xN.2788989303_c5nd-360x360.jpg 360w, https:\/\/fredericranft.de\/artikel\/wp-content\/uploads\/2020\/12\/il_1588xN.2788989303_c5nd-768x768.jpg 768w, https:\/\/fredericranft.de\/artikel\/wp-content\/uploads\/2020\/12\/il_1588xN.2788989303_c5nd-1536x1536.jpg 1536w, https:\/\/fredericranft.de\/artikel\/wp-content\/uploads\/2020\/12\/il_1588xN.2788989303_c5nd-1200x1200.jpg 1200w\" sizes=\"auto, (max-width: 397px) 100vw, 397px\" \/><figcaption>Vaccination Nation \u2013 Quelle: <a href=\"https:\/\/www.etsy.com\/de\/listing\/926971221\/vorbestellung-impfschildbumper-sticker?ga_order=most_relevant&amp;ga_search_type=all&amp;ga_view_type=gallery&amp;ga_search_query=vaccination+sticker&amp;ref=sc_gallery-1-1&amp;plkey=a14295cf8b25db43c9d08be84a49df474175f0d6%3A926971221&amp;frs=1\">Etsy<\/a><\/figcaption><\/figure>\n\n\n\n<figure class=\"wp-block-image size-full is-resized\"><img loading=\"lazy\" decoding=\"async\" src=\"https:\/\/fredericranft.de\/artikel\/wp-content\/uploads\/2020\/12\/il_1588xN.2786922705_4de7.jpg\" alt=\"\" class=\"wp-image-566\" width=\"397\" height=\"206\" srcset=\"https:\/\/fredericranft.de\/artikel\/wp-content\/uploads\/2020\/12\/il_1588xN.2786922705_4de7.jpg 1588w, https:\/\/fredericranft.de\/artikel\/wp-content\/uploads\/2020\/12\/il_1588xN.2786922705_4de7-720x373.jpg 720w, https:\/\/fredericranft.de\/artikel\/wp-content\/uploads\/2020\/12\/il_1588xN.2786922705_4de7-768x398.jpg 768w, https:\/\/fredericranft.de\/artikel\/wp-content\/uploads\/2020\/12\/il_1588xN.2786922705_4de7-1536x795.jpg 1536w, https:\/\/fredericranft.de\/artikel\/wp-content\/uploads\/2020\/12\/il_1588xN.2786922705_4de7-1200x621.jpg 1200w\" sizes=\"auto, (max-width: 397px) 100vw, 397px\" \/><figcaption>I got my covid-19 vaccine \u2013 Quelle: <a href=\"https:\/\/www.etsy.com\/de\/listing\/912379392\/ich-habe-meinen-impfstoff-knopf?ga_order=most_relevant&amp;ga_search_type=all&amp;ga_view_type=gallery&amp;ga_search_query=vaccination+sticker&amp;ref=sc_gallery-1-2&amp;plkey=3cb1ec4edf15ccb164a13a56e46f44cde7ebd2e0%3A912379392\">Etsy<\/a><\/figcaption><\/figure>\n\n\n\n<figure class=\"wp-block-image size-full is-resized\"><img loading=\"lazy\" decoding=\"async\" src=\"https:\/\/fredericranft.de\/artikel\/wp-content\/uploads\/2020\/12\/il_1588xN.2753452446_hhbd.jpg\" alt=\"\" class=\"wp-image-567\" width=\"397\" height=\"397\" srcset=\"https:\/\/fredericranft.de\/artikel\/wp-content\/uploads\/2020\/12\/il_1588xN.2753452446_hhbd.jpg 1588w, https:\/\/fredericranft.de\/artikel\/wp-content\/uploads\/2020\/12\/il_1588xN.2753452446_hhbd-720x720.jpg 720w, https:\/\/fredericranft.de\/artikel\/wp-content\/uploads\/2020\/12\/il_1588xN.2753452446_hhbd-360x360.jpg 360w, https:\/\/fredericranft.de\/artikel\/wp-content\/uploads\/2020\/12\/il_1588xN.2753452446_hhbd-768x768.jpg 768w, https:\/\/fredericranft.de\/artikel\/wp-content\/uploads\/2020\/12\/il_1588xN.2753452446_hhbd-1536x1536.jpg 1536w, https:\/\/fredericranft.de\/artikel\/wp-content\/uploads\/2020\/12\/il_1588xN.2753452446_hhbd-1200x1200.jpg 1200w\" sizes=\"auto, (max-width: 397px) 100vw, 397px\" \/><figcaption>Outfoxed the Virus, Proudly Vaccinated \u2013 Quelle: <a href=\"https:\/\/www.etsy.com\/de\/listing\/915086668\/outfoxed-das-virus-stolz-geimpft?ga_order=most_relevant&amp;ga_search_type=all&amp;ga_view_type=gallery&amp;ga_search_query=vaccination+sticker&amp;ref=sr_gallery-1-14&amp;frs=1\">Etsy<\/a><\/figcaption><\/figure>\n\n\n\n<p><\/p>\n","protected":false},"excerpt":{"rendered":"<p>Eine Sammlung nationaler und internationaler Kommunikationskampagnen, die f\u00fcr die Covid-19-Impfung werben.<\/p>\n","protected":false},"author":1,"featured_media":416,"comment_status":"open","ping_status":"open","sticky":false,"template":"","format":"standard","meta":{"webmentions_disabled_pings":false,"webmentions_disabled":false,"activitypub_content_warning":"","activitypub_content_visibility":"","activitypub_max_image_attachments":3,"activitypub_interaction_policy_quote":"anyone","activitypub_status":"","footnotes":""},"categories":[1],"tags":[7,6],"class_list":["post-464","post","type-post","status-publish","format-standard","has-post-thumbnail","hentry","category-allgemein","tag-corona","tag-covid-19"],"yoast_head":"<!-- This site is optimized with the Yoast SEO plugin v27.5 - https:\/\/yoast.com\/product\/yoast-seo-wordpress\/ -->\n<title>Sammlung von Corona-Virus Impfkampagnen &#187; Fr\u00e9d\u00e9ric Ranft<\/title>\n<meta name=\"description\" content=\"Ein Archiv von Kommunikationskampagnen, Logos und visueller Konzepte, die f\u00fcr die Covid-19-Impfung werben und \u00fcber Corona informieren.\" \/>\n<meta name=\"robots\" content=\"index, follow, max-snippet:-1, max-image-preview:large, max-video-preview:-1\" \/>\n<link rel=\"canonical\" href=\"https:\/\/fredericranft.de\/artikel\/corona-covid-virus-impf-kampagnen-logo\/\" \/>\n<meta property=\"og:locale\" content=\"de_DE\" \/>\n<meta property=\"og:type\" content=\"article\" \/>\n<meta property=\"og:title\" content=\"Sammlung von Corona-Virus Impfkampagnen &#187; Fr\u00e9d\u00e9ric Ranft\" \/>\n<meta property=\"og:description\" content=\"Ein Archiv von Kommunikationskampagnen, Logos und visueller Konzepte, die f\u00fcr die Covid-19-Impfung werben und \u00fcber Corona informieren.\" \/>\n<meta property=\"og:url\" content=\"https:\/\/fredericranft.de\/artikel\/corona-covid-virus-impf-kampagnen-logo\/\" \/>\n<meta property=\"og:site_name\" content=\"Fr\u00e9d\u00e9ric Ranft\" \/>\n<meta property=\"article:publisher\" content=\"https:\/\/www.facebook.com\/f.ranft\" \/>\n<meta property=\"article:author\" content=\"https:\/\/www.facebook.com\/f.ranft\" \/>\n<meta property=\"article:published_time\" content=\"2020-12-20T13:39:55+00:00\" \/>\n<meta property=\"article:modified_time\" content=\"2022-02-15T14:36:22+00:00\" \/>\n<meta property=\"og:image\" content=\"https:\/\/fredericranft.de\/artikel\/wp-content\/uploads\/2020\/11\/design-ansteckbuttons-impfung-corona-virus-visuelle-kommunikation-komp-scaled.jpg\" \/>\n\t<meta property=\"og:image:width\" content=\"2560\" \/>\n\t<meta property=\"og:image:height\" content=\"1440\" \/>\n\t<meta property=\"og:image:type\" content=\"image\/jpeg\" \/>\n<meta name=\"author\" content=\"Fr\u00e9d\u00e9ric Ranft\" \/>\n<meta name=\"twitter:card\" content=\"summary_large_image\" \/>\n<meta name=\"twitter:creator\" content=\"@f_ranft\" \/>\n<meta name=\"twitter:site\" content=\"@f_ranft\" \/>\n<meta name=\"twitter:label1\" content=\"Verfasst von\" \/>\n\t<meta name=\"twitter:data1\" content=\"Fr\u00e9d\u00e9ric Ranft\" \/>\n\t<meta name=\"twitter:label2\" content=\"Gesch\u00e4tzte Lesezeit\" \/>\n\t<meta name=\"twitter:data2\" content=\"10\u00a0Minuten\" \/>\n<script type=\"application\/ld+json\" class=\"yoast-schema-graph\">{\"@context\":\"https:\\\/\\\/schema.org\",\"@graph\":[{\"@type\":\"Article\",\"@id\":\"https:\\\/\\\/fredericranft.de\\\/artikel\\\/corona-covid-virus-impf-kampagnen-logo\\\/#article\",\"isPartOf\":{\"@id\":\"https:\\\/\\\/fredericranft.de\\\/artikel\\\/corona-covid-virus-impf-kampagnen-logo\\\/\"},\"author\":{\"name\":\"Fr\u00e9d\u00e9ric Ranft\",\"@id\":\"https:\\\/\\\/fredericranft.de\\\/artikel\\\/#\\\/schema\\\/person\\\/b2e299552a9a0b0d267b2f949a027830\"},\"headline\":\"Sammlung von Corona-Virus Impfkampagnen\",\"datePublished\":\"2020-12-20T13:39:55+00:00\",\"dateModified\":\"2022-02-15T14:36:22+00:00\",\"mainEntityOfPage\":{\"@id\":\"https:\\\/\\\/fredericranft.de\\\/artikel\\\/corona-covid-virus-impf-kampagnen-logo\\\/\"},\"wordCount\":626,\"commentCount\":2,\"publisher\":{\"@id\":\"https:\\\/\\\/fredericranft.de\\\/artikel\\\/#\\\/schema\\\/person\\\/b2e299552a9a0b0d267b2f949a027830\"},\"image\":{\"@id\":\"https:\\\/\\\/fredericranft.de\\\/artikel\\\/corona-covid-virus-impf-kampagnen-logo\\\/#primaryimage\"},\"thumbnailUrl\":\"https:\\\/\\\/fredericranft.de\\\/artikel\\\/wp-content\\\/uploads\\\/2020\\\/11\\\/design-ansteckbuttons-impfung-corona-virus-visuelle-kommunikation-komp-scaled.jpg\",\"keywords\":[\"Corona\",\"Covid-19\"],\"inLanguage\":\"de\",\"potentialAction\":[{\"@type\":\"CommentAction\",\"name\":\"Comment\",\"target\":[\"https:\\\/\\\/fredericranft.de\\\/artikel\\\/corona-covid-virus-impf-kampagnen-logo\\\/#respond\"]}]},{\"@type\":\"WebPage\",\"@id\":\"https:\\\/\\\/fredericranft.de\\\/artikel\\\/corona-covid-virus-impf-kampagnen-logo\\\/\",\"url\":\"https:\\\/\\\/fredericranft.de\\\/artikel\\\/corona-covid-virus-impf-kampagnen-logo\\\/\",\"name\":\"Sammlung von Corona-Virus Impfkampagnen &#187; Fr\u00e9d\u00e9ric Ranft\",\"isPartOf\":{\"@id\":\"https:\\\/\\\/fredericranft.de\\\/artikel\\\/#website\"},\"primaryImageOfPage\":{\"@id\":\"https:\\\/\\\/fredericranft.de\\\/artikel\\\/corona-covid-virus-impf-kampagnen-logo\\\/#primaryimage\"},\"image\":{\"@id\":\"https:\\\/\\\/fredericranft.de\\\/artikel\\\/corona-covid-virus-impf-kampagnen-logo\\\/#primaryimage\"},\"thumbnailUrl\":\"https:\\\/\\\/fredericranft.de\\\/artikel\\\/wp-content\\\/uploads\\\/2020\\\/11\\\/design-ansteckbuttons-impfung-corona-virus-visuelle-kommunikation-komp-scaled.jpg\",\"datePublished\":\"2020-12-20T13:39:55+00:00\",\"dateModified\":\"2022-02-15T14:36:22+00:00\",\"description\":\"Ein Archiv von Kommunikationskampagnen, Logos und visueller Konzepte, die f\u00fcr die Covid-19-Impfung werben und \u00fcber Corona informieren.\",\"breadcrumb\":{\"@id\":\"https:\\\/\\\/fredericranft.de\\\/artikel\\\/corona-covid-virus-impf-kampagnen-logo\\\/#breadcrumb\"},\"inLanguage\":\"de\",\"potentialAction\":[{\"@type\":\"ReadAction\",\"target\":[\"https:\\\/\\\/fredericranft.de\\\/artikel\\\/corona-covid-virus-impf-kampagnen-logo\\\/\"]}]},{\"@type\":\"ImageObject\",\"inLanguage\":\"de\",\"@id\":\"https:\\\/\\\/fredericranft.de\\\/artikel\\\/corona-covid-virus-impf-kampagnen-logo\\\/#primaryimage\",\"url\":\"https:\\\/\\\/fredericranft.de\\\/artikel\\\/wp-content\\\/uploads\\\/2020\\\/11\\\/design-ansteckbuttons-impfung-corona-virus-visuelle-kommunikation-komp-scaled.jpg\",\"contentUrl\":\"https:\\\/\\\/fredericranft.de\\\/artikel\\\/wp-content\\\/uploads\\\/2020\\\/11\\\/design-ansteckbuttons-impfung-corona-virus-visuelle-kommunikation-komp-scaled.jpg\",\"width\":2560,\"height\":1440,\"caption\":\"Ein Entwurf f\u00fcr eine Kampagne in Deutschland\"},{\"@type\":\"BreadcrumbList\",\"@id\":\"https:\\\/\\\/fredericranft.de\\\/artikel\\\/corona-covid-virus-impf-kampagnen-logo\\\/#breadcrumb\",\"itemListElement\":[{\"@type\":\"ListItem\",\"position\":1,\"name\":\"Startseite\",\"item\":\"https:\\\/\\\/fredericranft.de\\\/artikel\\\/\"},{\"@type\":\"ListItem\",\"position\":2,\"name\":\"Sammlung von Corona-Virus Impfkampagnen\"}]},{\"@type\":\"WebSite\",\"@id\":\"https:\\\/\\\/fredericranft.de\\\/artikel\\\/#website\",\"url\":\"https:\\\/\\\/fredericranft.de\\\/artikel\\\/\",\"name\":\"Fr\u00e9d\u00e9ric Ranft\",\"description\":\"Gestaltungsperspektiven\",\"publisher\":{\"@id\":\"https:\\\/\\\/fredericranft.de\\\/artikel\\\/#\\\/schema\\\/person\\\/b2e299552a9a0b0d267b2f949a027830\"},\"potentialAction\":[{\"@type\":\"SearchAction\",\"target\":{\"@type\":\"EntryPoint\",\"urlTemplate\":\"https:\\\/\\\/fredericranft.de\\\/artikel\\\/?s={search_term_string}\"},\"query-input\":{\"@type\":\"PropertyValueSpecification\",\"valueRequired\":true,\"valueName\":\"search_term_string\"}}],\"inLanguage\":\"de\"},{\"@type\":[\"Person\",\"Organization\"],\"@id\":\"https:\\\/\\\/fredericranft.de\\\/artikel\\\/#\\\/schema\\\/person\\\/b2e299552a9a0b0d267b2f949a027830\",\"name\":\"Fr\u00e9d\u00e9ric Ranft\",\"logo\":{\"@id\":\"https:\\\/\\\/fredericranft.de\\\/artikel\\\/#\\\/schema\\\/person\\\/image\\\/\"},\"description\":\"Ich gestalte Kommunikation.\",\"sameAs\":[\"https:\\\/\\\/fredericranft.de\\\/artikel\",\"https:\\\/\\\/www.facebook.com\\\/f.ranft\",\"https:\\\/\\\/www.instagram.com\\\/f_ranft\\\/\",\"https:\\\/\\\/www.linkedin.com\\\/in\\\/fr\u00e9d\u00e9ric-ranft-33596122\\\/\",\"https:\\\/\\\/x.com\\\/f_ranft\",\"https:\\\/\\\/soundcloud.com\\\/f_ranft\"],\"url\":\"https:\\\/\\\/fredericranft.de\\\/artikel\\\/author\\\/gestaltungsperspektive\\\/\"}]}<\/script>\n<!-- \/ Yoast SEO plugin. -->","yoast_head_json":{"title":"Sammlung von Corona-Virus Impfkampagnen &#187; Fr\u00e9d\u00e9ric Ranft","description":"Ein Archiv von Kommunikationskampagnen, Logos und visueller Konzepte, die f\u00fcr die Covid-19-Impfung werben und \u00fcber Corona informieren.","robots":{"index":"index","follow":"follow","max-snippet":"max-snippet:-1","max-image-preview":"max-image-preview:large","max-video-preview":"max-video-preview:-1"},"canonical":"https:\/\/fredericranft.de\/artikel\/corona-covid-virus-impf-kampagnen-logo\/","og_locale":"de_DE","og_type":"article","og_title":"Sammlung von Corona-Virus Impfkampagnen &#187; Fr\u00e9d\u00e9ric Ranft","og_description":"Ein Archiv von Kommunikationskampagnen, Logos und visueller Konzepte, die f\u00fcr die Covid-19-Impfung werben und \u00fcber Corona informieren.","og_url":"https:\/\/fredericranft.de\/artikel\/corona-covid-virus-impf-kampagnen-logo\/","og_site_name":"Fr\u00e9d\u00e9ric Ranft","article_publisher":"https:\/\/www.facebook.com\/f.ranft","article_author":"https:\/\/www.facebook.com\/f.ranft","article_published_time":"2020-12-20T13:39:55+00:00","article_modified_time":"2022-02-15T14:36:22+00:00","og_image":[{"width":2560,"height":1440,"url":"https:\/\/fredericranft.de\/artikel\/wp-content\/uploads\/2020\/11\/design-ansteckbuttons-impfung-corona-virus-visuelle-kommunikation-komp-scaled.jpg","type":"image\/jpeg"}],"author":"Fr\u00e9d\u00e9ric Ranft","twitter_card":"summary_large_image","twitter_creator":"@f_ranft","twitter_site":"@f_ranft","twitter_misc":{"Verfasst von":"Fr\u00e9d\u00e9ric Ranft","Gesch\u00e4tzte Lesezeit":"10\u00a0Minuten"},"schema":{"@context":"https:\/\/schema.org","@graph":[{"@type":"Article","@id":"https:\/\/fredericranft.de\/artikel\/corona-covid-virus-impf-kampagnen-logo\/#article","isPartOf":{"@id":"https:\/\/fredericranft.de\/artikel\/corona-covid-virus-impf-kampagnen-logo\/"},"author":{"name":"Fr\u00e9d\u00e9ric Ranft","@id":"https:\/\/fredericranft.de\/artikel\/#\/schema\/person\/b2e299552a9a0b0d267b2f949a027830"},"headline":"Sammlung von Corona-Virus Impfkampagnen","datePublished":"2020-12-20T13:39:55+00:00","dateModified":"2022-02-15T14:36:22+00:00","mainEntityOfPage":{"@id":"https:\/\/fredericranft.de\/artikel\/corona-covid-virus-impf-kampagnen-logo\/"},"wordCount":626,"commentCount":2,"publisher":{"@id":"https:\/\/fredericranft.de\/artikel\/#\/schema\/person\/b2e299552a9a0b0d267b2f949a027830"},"image":{"@id":"https:\/\/fredericranft.de\/artikel\/corona-covid-virus-impf-kampagnen-logo\/#primaryimage"},"thumbnailUrl":"https:\/\/fredericranft.de\/artikel\/wp-content\/uploads\/2020\/11\/design-ansteckbuttons-impfung-corona-virus-visuelle-kommunikation-komp-scaled.jpg","keywords":["Corona","Covid-19"],"inLanguage":"de","potentialAction":[{"@type":"CommentAction","name":"Comment","target":["https:\/\/fredericranft.de\/artikel\/corona-covid-virus-impf-kampagnen-logo\/#respond"]}]},{"@type":"WebPage","@id":"https:\/\/fredericranft.de\/artikel\/corona-covid-virus-impf-kampagnen-logo\/","url":"https:\/\/fredericranft.de\/artikel\/corona-covid-virus-impf-kampagnen-logo\/","name":"Sammlung von Corona-Virus Impfkampagnen &#187; Fr\u00e9d\u00e9ric Ranft","isPartOf":{"@id":"https:\/\/fredericranft.de\/artikel\/#website"},"primaryImageOfPage":{"@id":"https:\/\/fredericranft.de\/artikel\/corona-covid-virus-impf-kampagnen-logo\/#primaryimage"},"image":{"@id":"https:\/\/fredericranft.de\/artikel\/corona-covid-virus-impf-kampagnen-logo\/#primaryimage"},"thumbnailUrl":"https:\/\/fredericranft.de\/artikel\/wp-content\/uploads\/2020\/11\/design-ansteckbuttons-impfung-corona-virus-visuelle-kommunikation-komp-scaled.jpg","datePublished":"2020-12-20T13:39:55+00:00","dateModified":"2022-02-15T14:36:22+00:00","description":"Ein Archiv von Kommunikationskampagnen, Logos und visueller Konzepte, die f\u00fcr die Covid-19-Impfung werben und \u00fcber Corona informieren.","breadcrumb":{"@id":"https:\/\/fredericranft.de\/artikel\/corona-covid-virus-impf-kampagnen-logo\/#breadcrumb"},"inLanguage":"de","potentialAction":[{"@type":"ReadAction","target":["https:\/\/fredericranft.de\/artikel\/corona-covid-virus-impf-kampagnen-logo\/"]}]},{"@type":"ImageObject","inLanguage":"de","@id":"https:\/\/fredericranft.de\/artikel\/corona-covid-virus-impf-kampagnen-logo\/#primaryimage","url":"https:\/\/fredericranft.de\/artikel\/wp-content\/uploads\/2020\/11\/design-ansteckbuttons-impfung-corona-virus-visuelle-kommunikation-komp-scaled.jpg","contentUrl":"https:\/\/fredericranft.de\/artikel\/wp-content\/uploads\/2020\/11\/design-ansteckbuttons-impfung-corona-virus-visuelle-kommunikation-komp-scaled.jpg","width":2560,"height":1440,"caption":"Ein Entwurf f\u00fcr eine Kampagne in Deutschland"},{"@type":"BreadcrumbList","@id":"https:\/\/fredericranft.de\/artikel\/corona-covid-virus-impf-kampagnen-logo\/#breadcrumb","itemListElement":[{"@type":"ListItem","position":1,"name":"Startseite","item":"https:\/\/fredericranft.de\/artikel\/"},{"@type":"ListItem","position":2,"name":"Sammlung von Corona-Virus Impfkampagnen"}]},{"@type":"WebSite","@id":"https:\/\/fredericranft.de\/artikel\/#website","url":"https:\/\/fredericranft.de\/artikel\/","name":"Fr\u00e9d\u00e9ric Ranft","description":"Gestaltungsperspektiven","publisher":{"@id":"https:\/\/fredericranft.de\/artikel\/#\/schema\/person\/b2e299552a9a0b0d267b2f949a027830"},"potentialAction":[{"@type":"SearchAction","target":{"@type":"EntryPoint","urlTemplate":"https:\/\/fredericranft.de\/artikel\/?s={search_term_string}"},"query-input":{"@type":"PropertyValueSpecification","valueRequired":true,"valueName":"search_term_string"}}],"inLanguage":"de"},{"@type":["Person","Organization"],"@id":"https:\/\/fredericranft.de\/artikel\/#\/schema\/person\/b2e299552a9a0b0d267b2f949a027830","name":"Fr\u00e9d\u00e9ric Ranft","logo":{"@id":"https:\/\/fredericranft.de\/artikel\/#\/schema\/person\/image\/"},"description":"Ich gestalte Kommunikation.","sameAs":["https:\/\/fredericranft.de\/artikel","https:\/\/www.facebook.com\/f.ranft","https:\/\/www.instagram.com\/f_ranft\/","https:\/\/www.linkedin.com\/in\/fr\u00e9d\u00e9ric-ranft-33596122\/","https:\/\/x.com\/f_ranft","https:\/\/soundcloud.com\/f_ranft"],"url":"https:\/\/fredericranft.de\/artikel\/author\/gestaltungsperspektive\/"}]}},"_links":{"self":[{"href":"https:\/\/fredericranft.de\/artikel\/wp-json\/wp\/v2\/posts\/464","targetHints":{"allow":["GET"]}}],"collection":[{"href":"https:\/\/fredericranft.de\/artikel\/wp-json\/wp\/v2\/posts"}],"about":[{"href":"https:\/\/fredericranft.de\/artikel\/wp-json\/wp\/v2\/types\/post"}],"author":[{"embeddable":true,"href":"https:\/\/fredericranft.de\/artikel\/wp-json\/wp\/v2\/users\/1"}],"replies":[{"embeddable":true,"href":"https:\/\/fredericranft.de\/artikel\/wp-json\/wp\/v2\/comments?post=464"}],"version-history":[{"count":0,"href":"https:\/\/fredericranft.de\/artikel\/wp-json\/wp\/v2\/posts\/464\/revisions"}],"wp:featuredmedia":[{"embeddable":true,"href":"https:\/\/fredericranft.de\/artikel\/wp-json\/wp\/v2\/media\/416"}],"wp:attachment":[{"href":"https:\/\/fredericranft.de\/artikel\/wp-json\/wp\/v2\/media?parent=464"}],"wp:term":[{"taxonomy":"category","embeddable":true,"href":"https:\/\/fredericranft.de\/artikel\/wp-json\/wp\/v2\/categories?post=464"},{"taxonomy":"post_tag","embeddable":true,"href":"https:\/\/fredericranft.de\/artikel\/wp-json\/wp\/v2\/tags?post=464"}],"curies":[{"name":"wp","href":"https:\/\/api.w.org\/{rel}","templated":true}]}}