{"id":577,"date":"2021-01-23T17:59:16","date_gmt":"2021-01-23T16:59:16","guid":{"rendered":"https:\/\/fredericranft.de\/artikel\/?p=577"},"modified":"2021-01-23T18:31:46","modified_gmt":"2021-01-23T17:31:46","slug":"das-groesste-risiko-fuer-den-bundestagswahlkampf-der-spd-2021","status":"publish","type":"post","link":"https:\/\/fredericranft.de\/artikel\/das-groesste-risiko-fuer-den-bundestagswahlkampf-der-spd-2021\/","title":{"rendered":"Das gr\u00f6\u00dfte Risiko f\u00fcr den Wahlkampf der SPD"},"content":{"rendered":"\n<p class=\"has-large-font-size\">Die SPD muss sich diesmal etwas zutrauen, was sie nicht so gut kann. Deswegen w\u00fcnsche ich mir f\u00fcr den Bundestagswahlkampf nur diese eine Sache.<\/p>\n\n\n\n<p>Klar, mal wieder <em>richtig<\/em> Gewinnen w\u00e4re nach 20 Jahren auch sch\u00f6n\u2026 wie das wohl wahr?<\/p>\n\n\n\n<p>Aber ich k\u00f6nnte meiner Partei auch eine Wahlniederlage locker verzeihen. Das Verlieren ist ja auch ein wichtiger Teil des demokratischen Spiels. Und f\u00fcr die gute Sache verlieren war bis hier hin ganz ertr\u00e4glich, w\u00e4hrend man immer weiter regiert und die Welt St\u00fcck f\u00fcr St\u00fcck verbessert hat. Opposition w\u00e4re nat\u00fcrlich ganz gro\u00dfer Mist, aber ertragen w\u00fcrde ich es.<\/p>\n\n\n\n<p>Was mir beim Wahlkampf letztlich auch alles nicht so wichtig ist: Pannen bei Events und Livestreams, Tippfehler auf Wahlkampfprodukten, d\u00f6sige Hashtags, Versprecher in Interviews, ausfallende Webseiten,  quartalsirre Einzelkandidaten, Gruppenfotos unter rot-leuchtenden Pavillon-D\u00e4chern, dazugeh\u00f6rige \u201eNette Gespr\u00e4che, gerne wieder\u201c-Postings, gro\u00dfe Budgets f\u00fcr kleine Kugelschreiber, um sich selbst kreisende Arbeitsgruppen und <del>letztlich verzeihe ich sogar dieses v\u00f6llig statische rote Quadrat<\/del> noch einiges mehr. Alles nicht entscheidend.<\/p>\n\n\n\n<figure class=\"wp-block-image alignfull size-full\"><img loading=\"lazy\" decoding=\"async\" width=\"2000\" height=\"701\" src=\"https:\/\/fredericranft.de\/artikel\/wp-content\/uploads\/2021\/01\/spd-bundestagswahl-2021.jpg\" alt=\"\" class=\"wp-image-611\" srcset=\"https:\/\/fredericranft.de\/artikel\/wp-content\/uploads\/2021\/01\/spd-bundestagswahl-2021.jpg 2000w, https:\/\/fredericranft.de\/artikel\/wp-content\/uploads\/2021\/01\/spd-bundestagswahl-2021-720x252.jpg 720w, https:\/\/fredericranft.de\/artikel\/wp-content\/uploads\/2021\/01\/spd-bundestagswahl-2021-1920x673.jpg 1920w, https:\/\/fredericranft.de\/artikel\/wp-content\/uploads\/2021\/01\/spd-bundestagswahl-2021-768x269.jpg 768w, https:\/\/fredericranft.de\/artikel\/wp-content\/uploads\/2021\/01\/spd-bundestagswahl-2021-1536x538.jpg 1536w, https:\/\/fredericranft.de\/artikel\/wp-content\/uploads\/2021\/01\/spd-bundestagswahl-2021-1200x421.jpg 1200w, https:\/\/fredericranft.de\/artikel\/wp-content\/uploads\/2021\/01\/spd-bundestagswahl-2021-1980x694.jpg 1980w\" sizes=\"auto, (max-width: 2000px) 100vw, 2000px\" \/><\/figure>\n\n\n\n<p class=\"has-large-font-size\">Wahlkampf ist nunmal komplex. Und gro\u00dfe Parteien sind kompliziert. Damit sind Wahlk\u00e4mpfe der SPD so etwas wie das Apollo-Projekt der deutschen Politik \u2013 da passieren auch mal Fehler.<\/p>\n\n\n\n<p>Aber eine Sache ertrage ich nicht mehr und hege daher folgenden Wunsch: <mark>Ich h\u00e4tte gern, dass diese Partei und ihre Kampagne mal ein Risiko eingeht.<\/mark> Sp\u00e4testens wenn man auf der Wegstrecke merkt, dass der Wahlkampf nicht z\u00fcndet. Besser vorher. <\/p>\n\n\n\n<p>Nicht diese durchschaubaren Alibi-Man\u00f6ver \u00e1 la \u201eWir schlie\u00dfen jetzt offiziell aus mit XY zu koalieren\u201c oder \u201eWir stellen einen 5-Punkte-Plan vor\u201c (\u00fcBerRasChunG!), sondern ein real existierendes Risiko. Etwas, wo die Gefahr besteht, mit Pauken und Trompeten unterzugehen, zu den Umfragen noch einmal 5% zu verlieren und die E-Mail an die Mitglieder mit \u201e<em>Verf*ckte Schei\u00dfe!<\/em>\u201c beginnen zu m\u00fcssen.<\/p>\n\n\n\n<p>Das, oder vielleicht zahlt sich das Risiko ja aus?<\/p>\n\n\n\n<p>Das Schlimme an den vergangenen Wahlniederlagen war nicht verloren zu haben, sondern nicht riskiert zu haben \u2013 obwohl elendig weit im Voraus absehbar war, dass von alleine nichts besser wird.<\/p>\n\n\n\n<p>Dieses bange Warten auf die letzte Plakatwelle. Die dann ganz \u201eOK\u201c wird, obwohl allen klar ist, dass \u201eOK\u201c in der Situation f\u00fcr nichts reicht. Oder der gro\u00df angek\u00fcndigte finale Livestream, der f\u00fcr alle Beteiligten megastressig ist, technisch einwandfrei abl\u00e4uft, in dem dann aber nichts gesagt wird, was noch einen Unterschied machen k\u00f6nnte. <\/p>\n\n\n\n<p>Die SPD braucht nicht noch so einen Wahlkampf, der sich irgendwie bis zum Wahlsonntag durchwurschtelt und als heimliches Ziel hat, sp\u00e4ter einmal sagen zu k\u00f6nnen <em>\u201eWir haben ja keinen gro\u00dfen Fehler gemacht!\u201c<\/em><\/p>\n\n\n\n<p><strong>Niemand wird \u00fcberzeugt von dem Wahlkampf, in dem kein gro\u00dfer Fehler gemacht wird. <\/strong>Niemand. Jemals. Menschen merken einfach, ob etwas solide und vorsichtig abgearbeitet oder etwas mehr gegeben und riskiert wird. Wenn die SPD ihr Bestes zeigen will, muss sie auch mal ein Risiko eingehen.<\/p>\n\n\n\n<p>Im Gegensatz zur Apollo-Mission stirbt doch auch keiner durch einen Fehler in einer SPD-Wahlkampagne. Die Republik ginge nicht sogleich in Flammen auf! <\/p>\n\n\n\n<p><em>\u201eWir haben ja keinen gro\u00dfen Fehler gemacht!\u201c<\/em>, bedeutet doch nur <em>\u201eWir haben nichts riskiert und viele kleine Fehler gemacht, damit alle diffus gleich viel Schuld haben, aber keiner erkennbar.\u201c<\/em><\/p>\n\n\n\n<p>Dieses eine Mal h\u00e4tte ich gerne, dass jemand in einer Wahlkampfsitzung, wenn weit und breit kein Risiko erkennbar ist, fragt: <em>Bringt das denn auch was?<\/em><\/p>\n\n\n\n<p>Ich h\u00e4tte gern, dass jemand danach fragt, was man mit Risiko jetzt noch <em>gewinnen<\/em> k\u00f6nnte, anstatt immer nach m\u00f6glichen Gr\u00fcnden f\u00fcr ein Scheitern zu suchen.<\/p>\n\n\n\n<p><a href=\"https:\/\/fredericranft.de\/artikel\/was-die-spd-von-apple-strategie-comeback-lernen-kann\/\">Ein Comeback der SPD ist m\u00f6glich, da bin ich mir sicher.<\/a> <br>Ein Comeback <em>ohne<\/em> Risiko sicher nicht. Es w\u00e4re das gr\u00f6\u00dfte Risiko f\u00fcr den Wahlkampf der SPD.<\/p>\n\n\n\n<div class=\"wp-block-image\"><figure class=\"aligncenter size-full\"><img loading=\"lazy\" decoding=\"async\" width=\"2560\" height=\"2560\" src=\"https:\/\/fredericranft.de\/artikel\/wp-content\/uploads\/2021\/01\/pexels-pixabay-41162-scaled.jpg\" alt=\"\" class=\"wp-image-581\" srcset=\"https:\/\/fredericranft.de\/artikel\/wp-content\/uploads\/2021\/01\/pexels-pixabay-41162-scaled.jpg 2560w, https:\/\/fredericranft.de\/artikel\/wp-content\/uploads\/2021\/01\/pexels-pixabay-41162-720x720.jpg 720w, https:\/\/fredericranft.de\/artikel\/wp-content\/uploads\/2021\/01\/pexels-pixabay-41162-1920x1920.jpg 1920w, https:\/\/fredericranft.de\/artikel\/wp-content\/uploads\/2021\/01\/pexels-pixabay-41162-360x360.jpg 360w, https:\/\/fredericranft.de\/artikel\/wp-content\/uploads\/2021\/01\/pexels-pixabay-41162-768x768.jpg 768w, https:\/\/fredericranft.de\/artikel\/wp-content\/uploads\/2021\/01\/pexels-pixabay-41162-1536x1536.jpg 1536w, https:\/\/fredericranft.de\/artikel\/wp-content\/uploads\/2021\/01\/pexels-pixabay-41162-2048x2048.jpg 2048w, https:\/\/fredericranft.de\/artikel\/wp-content\/uploads\/2021\/01\/pexels-pixabay-41162-1200x1200.jpg 1200w, https:\/\/fredericranft.de\/artikel\/wp-content\/uploads\/2021\/01\/pexels-pixabay-41162-1980x1980.jpg 1980w\" sizes=\"auto, (max-width: 2560px) 100vw, 2560px\" \/><\/figure><\/div>\n","protected":false},"excerpt":{"rendered":"<p>Die SPD muss sich diesmal etwas zutrauen, was sie nicht so gut kann. Deswegen w\u00fcnsche ich mir f\u00fcr den Bundestagswahlkampf nur diese eine Sache. Klar, mal wieder richtig Gewinnen w\u00e4re nach 20 Jahren auch sch\u00f6n\u2026 wie das wohl wahr? Aber ich k\u00f6nnte meiner Partei auch eine Wahlniederlage locker verzeihen. Das Verlieren ist ja auch ein [&hellip;]<\/p>\n","protected":false},"author":1,"featured_media":591,"comment_status":"open","ping_status":"open","sticky":false,"template":"templates\/template-cover.php","format":"standard","meta":{"webmentions_disabled_pings":false,"webmentions_disabled":false,"activitypub_content_warning":"","activitypub_content_visibility":"","activitypub_max_image_attachments":3,"activitypub_interaction_policy_quote":"anyone","activitypub_status":"","footnotes":""},"categories":[1],"tags":[],"class_list":["post-577","post","type-post","status-publish","format-standard","has-post-thumbnail","hentry","category-allgemein"],"yoast_head":"<!-- This site is optimized with the Yoast SEO plugin v27.5 - https:\/\/yoast.com\/product\/yoast-seo-wordpress\/ -->\n<title>Das gr\u00f6\u00dfte Risiko f\u00fcr den Wahlkampf der SPD &#187; Fr\u00e9d\u00e9ric Ranft<\/title>\n<meta name=\"description\" content=\"Die SPD muss sich diesmal etwas zutrauen, was sie nicht so gut kann. Deswegen w\u00fcnsche ich mir f\u00fcr den Bundestagswahlkampf nur eine Sache.\" \/>\n<meta name=\"robots\" content=\"index, follow, max-snippet:-1, max-image-preview:large, max-video-preview:-1\" \/>\n<link rel=\"canonical\" href=\"https:\/\/fredericranft.de\/artikel\/das-groesste-risiko-fuer-den-bundestagswahlkampf-der-spd-2021\/\" \/>\n<meta property=\"og:locale\" content=\"de_DE\" \/>\n<meta property=\"og:type\" content=\"article\" \/>\n<meta property=\"og:title\" content=\"Das gr\u00f6\u00dfte Risiko f\u00fcr den Wahlkampf der SPD\" \/>\n<meta property=\"og:description\" content=\"Die SPD muss sich diesmal etwas zutrauen, was sie nicht so gut kann. Deswegen w\u00fcnsche ich mir f\u00fcr den Bundestagswahlkampf nur diese eine Sache.\" \/>\n<meta property=\"og:url\" content=\"https:\/\/fredericranft.de\/artikel\/das-groesste-risiko-fuer-den-bundestagswahlkampf-der-spd-2021\/\" \/>\n<meta property=\"og:site_name\" content=\"Fr\u00e9d\u00e9ric Ranft\" \/>\n<meta property=\"article:publisher\" content=\"https:\/\/www.facebook.com\/f.ranft\" \/>\n<meta property=\"article:author\" content=\"https:\/\/www.facebook.com\/f.ranft\" \/>\n<meta property=\"article:published_time\" content=\"2021-01-23T16:59:16+00:00\" \/>\n<meta property=\"article:modified_time\" content=\"2021-01-23T17:31:46+00:00\" \/>\n<meta property=\"og:image\" content=\"https:\/\/fredericranft.de\/artikel\/wp-content\/uploads\/2021\/01\/og-spd-risiko-wahlkampf-bundestagswahl-2021.jpg\" \/>\n\t<meta property=\"og:image:width\" content=\"1200\" \/>\n\t<meta property=\"og:image:height\" content=\"630\" \/>\n\t<meta property=\"og:image:type\" content=\"image\/jpeg\" \/>\n<meta name=\"author\" content=\"Fr\u00e9d\u00e9ric Ranft\" \/>\n<meta name=\"twitter:card\" content=\"summary_large_image\" \/>\n<meta name=\"twitter:title\" content=\"Das gr\u00f6\u00dfte Risiko f\u00fcr den Wahlkampf der SPD\" \/>\n<meta name=\"twitter:description\" content=\"Die SPD muss sich diesmal etwas zutrauen, was sie nicht so gut kann. Deswegen w\u00fcnsche ich mir f\u00fcr den Bundestagswahlkampf nur diese eine Sache.\" \/>\n<meta name=\"twitter:image\" content=\"https:\/\/fredericranft.de\/artikel\/wp-content\/uploads\/2021\/01\/og-spd-risiko-wahlkampf-bundestagswahl-2021.jpg\" \/>\n<meta name=\"twitter:creator\" content=\"@f_ranft\" \/>\n<meta name=\"twitter:site\" content=\"@f_ranft\" \/>\n<meta name=\"twitter:label1\" content=\"Verfasst von\" \/>\n\t<meta name=\"twitter:data1\" content=\"Fr\u00e9d\u00e9ric Ranft\" \/>\n\t<meta name=\"twitter:label2\" content=\"Gesch\u00e4tzte Lesezeit\" \/>\n\t<meta name=\"twitter:data2\" content=\"3\u00a0Minuten\" \/>\n<script type=\"application\/ld+json\" class=\"yoast-schema-graph\">{\"@context\":\"https:\\\/\\\/schema.org\",\"@graph\":[{\"@type\":\"Article\",\"@id\":\"https:\\\/\\\/fredericranft.de\\\/artikel\\\/das-groesste-risiko-fuer-den-bundestagswahlkampf-der-spd-2021\\\/#article\",\"isPartOf\":{\"@id\":\"https:\\\/\\\/fredericranft.de\\\/artikel\\\/das-groesste-risiko-fuer-den-bundestagswahlkampf-der-spd-2021\\\/\"},\"author\":{\"name\":\"Fr\u00e9d\u00e9ric Ranft\",\"@id\":\"https:\\\/\\\/fredericranft.de\\\/artikel\\\/#\\\/schema\\\/person\\\/b2e299552a9a0b0d267b2f949a027830\"},\"headline\":\"Das gr\u00f6\u00dfte Risiko f\u00fcr den Wahlkampf der SPD\",\"datePublished\":\"2021-01-23T16:59:16+00:00\",\"dateModified\":\"2021-01-23T17:31:46+00:00\",\"mainEntityOfPage\":{\"@id\":\"https:\\\/\\\/fredericranft.de\\\/artikel\\\/das-groesste-risiko-fuer-den-bundestagswahlkampf-der-spd-2021\\\/\"},\"wordCount\":637,\"commentCount\":0,\"publisher\":{\"@id\":\"https:\\\/\\\/fredericranft.de\\\/artikel\\\/#\\\/schema\\\/person\\\/b2e299552a9a0b0d267b2f949a027830\"},\"image\":{\"@id\":\"https:\\\/\\\/fredericranft.de\\\/artikel\\\/das-groesste-risiko-fuer-den-bundestagswahlkampf-der-spd-2021\\\/#primaryimage\"},\"thumbnailUrl\":\"https:\\\/\\\/fredericranft.de\\\/artikel\\\/wp-content\\\/uploads\\\/2021\\\/01\\\/spd-risiko-wahlkampf-bundestagswahl-2021.jpg\",\"inLanguage\":\"de\",\"potentialAction\":[{\"@type\":\"CommentAction\",\"name\":\"Comment\",\"target\":[\"https:\\\/\\\/fredericranft.de\\\/artikel\\\/das-groesste-risiko-fuer-den-bundestagswahlkampf-der-spd-2021\\\/#respond\"]}]},{\"@type\":\"WebPage\",\"@id\":\"https:\\\/\\\/fredericranft.de\\\/artikel\\\/das-groesste-risiko-fuer-den-bundestagswahlkampf-der-spd-2021\\\/\",\"url\":\"https:\\\/\\\/fredericranft.de\\\/artikel\\\/das-groesste-risiko-fuer-den-bundestagswahlkampf-der-spd-2021\\\/\",\"name\":\"Das gr\u00f6\u00dfte Risiko f\u00fcr den Wahlkampf der SPD &#187; Fr\u00e9d\u00e9ric Ranft\",\"isPartOf\":{\"@id\":\"https:\\\/\\\/fredericranft.de\\\/artikel\\\/#website\"},\"primaryImageOfPage\":{\"@id\":\"https:\\\/\\\/fredericranft.de\\\/artikel\\\/das-groesste-risiko-fuer-den-bundestagswahlkampf-der-spd-2021\\\/#primaryimage\"},\"image\":{\"@id\":\"https:\\\/\\\/fredericranft.de\\\/artikel\\\/das-groesste-risiko-fuer-den-bundestagswahlkampf-der-spd-2021\\\/#primaryimage\"},\"thumbnailUrl\":\"https:\\\/\\\/fredericranft.de\\\/artikel\\\/wp-content\\\/uploads\\\/2021\\\/01\\\/spd-risiko-wahlkampf-bundestagswahl-2021.jpg\",\"datePublished\":\"2021-01-23T16:59:16+00:00\",\"dateModified\":\"2021-01-23T17:31:46+00:00\",\"description\":\"Die SPD muss sich diesmal etwas zutrauen, was sie nicht so gut kann. Deswegen w\u00fcnsche ich mir f\u00fcr den Bundestagswahlkampf nur eine Sache.\",\"breadcrumb\":{\"@id\":\"https:\\\/\\\/fredericranft.de\\\/artikel\\\/das-groesste-risiko-fuer-den-bundestagswahlkampf-der-spd-2021\\\/#breadcrumb\"},\"inLanguage\":\"de\",\"potentialAction\":[{\"@type\":\"ReadAction\",\"target\":[\"https:\\\/\\\/fredericranft.de\\\/artikel\\\/das-groesste-risiko-fuer-den-bundestagswahlkampf-der-spd-2021\\\/\"]}]},{\"@type\":\"ImageObject\",\"inLanguage\":\"de\",\"@id\":\"https:\\\/\\\/fredericranft.de\\\/artikel\\\/das-groesste-risiko-fuer-den-bundestagswahlkampf-der-spd-2021\\\/#primaryimage\",\"url\":\"https:\\\/\\\/fredericranft.de\\\/artikel\\\/wp-content\\\/uploads\\\/2021\\\/01\\\/spd-risiko-wahlkampf-bundestagswahl-2021.jpg\",\"contentUrl\":\"https:\\\/\\\/fredericranft.de\\\/artikel\\\/wp-content\\\/uploads\\\/2021\\\/01\\\/spd-risiko-wahlkampf-bundestagswahl-2021.jpg\",\"width\":1840,\"height\":1228},{\"@type\":\"BreadcrumbList\",\"@id\":\"https:\\\/\\\/fredericranft.de\\\/artikel\\\/das-groesste-risiko-fuer-den-bundestagswahlkampf-der-spd-2021\\\/#breadcrumb\",\"itemListElement\":[{\"@type\":\"ListItem\",\"position\":1,\"name\":\"Startseite\",\"item\":\"https:\\\/\\\/fredericranft.de\\\/artikel\\\/\"},{\"@type\":\"ListItem\",\"position\":2,\"name\":\"Das gr\u00f6\u00dfte Risiko f\u00fcr den Wahlkampf der SPD\"}]},{\"@type\":\"WebSite\",\"@id\":\"https:\\\/\\\/fredericranft.de\\\/artikel\\\/#website\",\"url\":\"https:\\\/\\\/fredericranft.de\\\/artikel\\\/\",\"name\":\"Fr\u00e9d\u00e9ric Ranft\",\"description\":\"Gestaltungsperspektiven\",\"publisher\":{\"@id\":\"https:\\\/\\\/fredericranft.de\\\/artikel\\\/#\\\/schema\\\/person\\\/b2e299552a9a0b0d267b2f949a027830\"},\"potentialAction\":[{\"@type\":\"SearchAction\",\"target\":{\"@type\":\"EntryPoint\",\"urlTemplate\":\"https:\\\/\\\/fredericranft.de\\\/artikel\\\/?s={search_term_string}\"},\"query-input\":{\"@type\":\"PropertyValueSpecification\",\"valueRequired\":true,\"valueName\":\"search_term_string\"}}],\"inLanguage\":\"de\"},{\"@type\":[\"Person\",\"Organization\"],\"@id\":\"https:\\\/\\\/fredericranft.de\\\/artikel\\\/#\\\/schema\\\/person\\\/b2e299552a9a0b0d267b2f949a027830\",\"name\":\"Fr\u00e9d\u00e9ric Ranft\",\"logo\":{\"@id\":\"https:\\\/\\\/fredericranft.de\\\/artikel\\\/#\\\/schema\\\/person\\\/image\\\/\"},\"description\":\"Ich gestalte Kommunikation.\",\"sameAs\":[\"https:\\\/\\\/fredericranft.de\\\/artikel\",\"https:\\\/\\\/www.facebook.com\\\/f.ranft\",\"https:\\\/\\\/www.instagram.com\\\/f_ranft\\\/\",\"https:\\\/\\\/www.linkedin.com\\\/in\\\/fr\u00e9d\u00e9ric-ranft-33596122\\\/\",\"https:\\\/\\\/x.com\\\/f_ranft\",\"https:\\\/\\\/soundcloud.com\\\/f_ranft\"],\"url\":\"https:\\\/\\\/fredericranft.de\\\/artikel\\\/author\\\/gestaltungsperspektive\\\/\"}]}<\/script>\n<!-- \/ Yoast SEO plugin. -->","yoast_head_json":{"title":"Das gr\u00f6\u00dfte Risiko f\u00fcr den Wahlkampf der SPD &#187; Fr\u00e9d\u00e9ric Ranft","description":"Die SPD muss sich diesmal etwas zutrauen, was sie nicht so gut kann. Deswegen w\u00fcnsche ich mir f\u00fcr den Bundestagswahlkampf nur eine Sache.","robots":{"index":"index","follow":"follow","max-snippet":"max-snippet:-1","max-image-preview":"max-image-preview:large","max-video-preview":"max-video-preview:-1"},"canonical":"https:\/\/fredericranft.de\/artikel\/das-groesste-risiko-fuer-den-bundestagswahlkampf-der-spd-2021\/","og_locale":"de_DE","og_type":"article","og_title":"Das gr\u00f6\u00dfte Risiko f\u00fcr den Wahlkampf der SPD","og_description":"Die SPD muss sich diesmal etwas zutrauen, was sie nicht so gut kann. Deswegen w\u00fcnsche ich mir f\u00fcr den Bundestagswahlkampf nur diese eine Sache.","og_url":"https:\/\/fredericranft.de\/artikel\/das-groesste-risiko-fuer-den-bundestagswahlkampf-der-spd-2021\/","og_site_name":"Fr\u00e9d\u00e9ric Ranft","article_publisher":"https:\/\/www.facebook.com\/f.ranft","article_author":"https:\/\/www.facebook.com\/f.ranft","article_published_time":"2021-01-23T16:59:16+00:00","article_modified_time":"2021-01-23T17:31:46+00:00","og_image":[{"width":1200,"height":630,"url":"https:\/\/fredericranft.de\/artikel\/wp-content\/uploads\/2021\/01\/og-spd-risiko-wahlkampf-bundestagswahl-2021.jpg","type":"image\/jpeg"}],"author":"Fr\u00e9d\u00e9ric Ranft","twitter_card":"summary_large_image","twitter_title":"Das gr\u00f6\u00dfte Risiko f\u00fcr den Wahlkampf der SPD","twitter_description":"Die SPD muss sich diesmal etwas zutrauen, was sie nicht so gut kann. Deswegen w\u00fcnsche ich mir f\u00fcr den Bundestagswahlkampf nur diese eine Sache.","twitter_image":"https:\/\/fredericranft.de\/artikel\/wp-content\/uploads\/2021\/01\/og-spd-risiko-wahlkampf-bundestagswahl-2021.jpg","twitter_creator":"@f_ranft","twitter_site":"@f_ranft","twitter_misc":{"Verfasst von":"Fr\u00e9d\u00e9ric Ranft","Gesch\u00e4tzte Lesezeit":"3\u00a0Minuten"},"schema":{"@context":"https:\/\/schema.org","@graph":[{"@type":"Article","@id":"https:\/\/fredericranft.de\/artikel\/das-groesste-risiko-fuer-den-bundestagswahlkampf-der-spd-2021\/#article","isPartOf":{"@id":"https:\/\/fredericranft.de\/artikel\/das-groesste-risiko-fuer-den-bundestagswahlkampf-der-spd-2021\/"},"author":{"name":"Fr\u00e9d\u00e9ric Ranft","@id":"https:\/\/fredericranft.de\/artikel\/#\/schema\/person\/b2e299552a9a0b0d267b2f949a027830"},"headline":"Das gr\u00f6\u00dfte Risiko f\u00fcr den Wahlkampf der SPD","datePublished":"2021-01-23T16:59:16+00:00","dateModified":"2021-01-23T17:31:46+00:00","mainEntityOfPage":{"@id":"https:\/\/fredericranft.de\/artikel\/das-groesste-risiko-fuer-den-bundestagswahlkampf-der-spd-2021\/"},"wordCount":637,"commentCount":0,"publisher":{"@id":"https:\/\/fredericranft.de\/artikel\/#\/schema\/person\/b2e299552a9a0b0d267b2f949a027830"},"image":{"@id":"https:\/\/fredericranft.de\/artikel\/das-groesste-risiko-fuer-den-bundestagswahlkampf-der-spd-2021\/#primaryimage"},"thumbnailUrl":"https:\/\/fredericranft.de\/artikel\/wp-content\/uploads\/2021\/01\/spd-risiko-wahlkampf-bundestagswahl-2021.jpg","inLanguage":"de","potentialAction":[{"@type":"CommentAction","name":"Comment","target":["https:\/\/fredericranft.de\/artikel\/das-groesste-risiko-fuer-den-bundestagswahlkampf-der-spd-2021\/#respond"]}]},{"@type":"WebPage","@id":"https:\/\/fredericranft.de\/artikel\/das-groesste-risiko-fuer-den-bundestagswahlkampf-der-spd-2021\/","url":"https:\/\/fredericranft.de\/artikel\/das-groesste-risiko-fuer-den-bundestagswahlkampf-der-spd-2021\/","name":"Das gr\u00f6\u00dfte Risiko f\u00fcr den Wahlkampf der SPD &#187; Fr\u00e9d\u00e9ric Ranft","isPartOf":{"@id":"https:\/\/fredericranft.de\/artikel\/#website"},"primaryImageOfPage":{"@id":"https:\/\/fredericranft.de\/artikel\/das-groesste-risiko-fuer-den-bundestagswahlkampf-der-spd-2021\/#primaryimage"},"image":{"@id":"https:\/\/fredericranft.de\/artikel\/das-groesste-risiko-fuer-den-bundestagswahlkampf-der-spd-2021\/#primaryimage"},"thumbnailUrl":"https:\/\/fredericranft.de\/artikel\/wp-content\/uploads\/2021\/01\/spd-risiko-wahlkampf-bundestagswahl-2021.jpg","datePublished":"2021-01-23T16:59:16+00:00","dateModified":"2021-01-23T17:31:46+00:00","description":"Die SPD muss sich diesmal etwas zutrauen, was sie nicht so gut kann. Deswegen w\u00fcnsche ich mir f\u00fcr den Bundestagswahlkampf nur eine Sache.","breadcrumb":{"@id":"https:\/\/fredericranft.de\/artikel\/das-groesste-risiko-fuer-den-bundestagswahlkampf-der-spd-2021\/#breadcrumb"},"inLanguage":"de","potentialAction":[{"@type":"ReadAction","target":["https:\/\/fredericranft.de\/artikel\/das-groesste-risiko-fuer-den-bundestagswahlkampf-der-spd-2021\/"]}]},{"@type":"ImageObject","inLanguage":"de","@id":"https:\/\/fredericranft.de\/artikel\/das-groesste-risiko-fuer-den-bundestagswahlkampf-der-spd-2021\/#primaryimage","url":"https:\/\/fredericranft.de\/artikel\/wp-content\/uploads\/2021\/01\/spd-risiko-wahlkampf-bundestagswahl-2021.jpg","contentUrl":"https:\/\/fredericranft.de\/artikel\/wp-content\/uploads\/2021\/01\/spd-risiko-wahlkampf-bundestagswahl-2021.jpg","width":1840,"height":1228},{"@type":"BreadcrumbList","@id":"https:\/\/fredericranft.de\/artikel\/das-groesste-risiko-fuer-den-bundestagswahlkampf-der-spd-2021\/#breadcrumb","itemListElement":[{"@type":"ListItem","position":1,"name":"Startseite","item":"https:\/\/fredericranft.de\/artikel\/"},{"@type":"ListItem","position":2,"name":"Das gr\u00f6\u00dfte Risiko f\u00fcr den Wahlkampf der SPD"}]},{"@type":"WebSite","@id":"https:\/\/fredericranft.de\/artikel\/#website","url":"https:\/\/fredericranft.de\/artikel\/","name":"Fr\u00e9d\u00e9ric Ranft","description":"Gestaltungsperspektiven","publisher":{"@id":"https:\/\/fredericranft.de\/artikel\/#\/schema\/person\/b2e299552a9a0b0d267b2f949a027830"},"potentialAction":[{"@type":"SearchAction","target":{"@type":"EntryPoint","urlTemplate":"https:\/\/fredericranft.de\/artikel\/?s={search_term_string}"},"query-input":{"@type":"PropertyValueSpecification","valueRequired":true,"valueName":"search_term_string"}}],"inLanguage":"de"},{"@type":["Person","Organization"],"@id":"https:\/\/fredericranft.de\/artikel\/#\/schema\/person\/b2e299552a9a0b0d267b2f949a027830","name":"Fr\u00e9d\u00e9ric Ranft","logo":{"@id":"https:\/\/fredericranft.de\/artikel\/#\/schema\/person\/image\/"},"description":"Ich gestalte Kommunikation.","sameAs":["https:\/\/fredericranft.de\/artikel","https:\/\/www.facebook.com\/f.ranft","https:\/\/www.instagram.com\/f_ranft\/","https:\/\/www.linkedin.com\/in\/fr\u00e9d\u00e9ric-ranft-33596122\/","https:\/\/x.com\/f_ranft","https:\/\/soundcloud.com\/f_ranft"],"url":"https:\/\/fredericranft.de\/artikel\/author\/gestaltungsperspektive\/"}]}},"_links":{"self":[{"href":"https:\/\/fredericranft.de\/artikel\/wp-json\/wp\/v2\/posts\/577","targetHints":{"allow":["GET"]}}],"collection":[{"href":"https:\/\/fredericranft.de\/artikel\/wp-json\/wp\/v2\/posts"}],"about":[{"href":"https:\/\/fredericranft.de\/artikel\/wp-json\/wp\/v2\/types\/post"}],"author":[{"embeddable":true,"href":"https:\/\/fredericranft.de\/artikel\/wp-json\/wp\/v2\/users\/1"}],"replies":[{"embeddable":true,"href":"https:\/\/fredericranft.de\/artikel\/wp-json\/wp\/v2\/comments?post=577"}],"version-history":[{"count":0,"href":"https:\/\/fredericranft.de\/artikel\/wp-json\/wp\/v2\/posts\/577\/revisions"}],"wp:featuredmedia":[{"embeddable":true,"href":"https:\/\/fredericranft.de\/artikel\/wp-json\/wp\/v2\/media\/591"}],"wp:attachment":[{"href":"https:\/\/fredericranft.de\/artikel\/wp-json\/wp\/v2\/media?parent=577"}],"wp:term":[{"taxonomy":"category","embeddable":true,"href":"https:\/\/fredericranft.de\/artikel\/wp-json\/wp\/v2\/categories?post=577"},{"taxonomy":"post_tag","embeddable":true,"href":"https:\/\/fredericranft.de\/artikel\/wp-json\/wp\/v2\/tags?post=577"}],"curies":[{"name":"wp","href":"https:\/\/api.w.org\/{rel}","templated":true}]}}